{"id":7821,"date":"2026-04-21T07:00:00","date_gmt":"2026-04-21T05:00:00","guid":{"rendered":"https:\/\/www.rahnbodmer.ch\/notablog\/?p=7821"},"modified":"2026-04-17T10:57:53","modified_gmt":"2026-04-17T08:57:53","slug":"us-zwischenwahlen-2026-trifecta-in-gefahr","status":"publish","type":"post","link":"https:\/\/www.rahnbodmer.ch\/notablog\/2026\/04\/us-zwischenwahlen-2026-trifecta-in-gefahr\/","title":{"rendered":"US-Zwischen\u00adwahlen 2026: Trifecta in Gefahr"},"content":{"rendered":"\n<p>Der Irankrieg hat die politische Ausgangslage f\u00fcr Donald Trump grund\u00adlegend ver\u00e4ndert. Sechs Monate vor den Zwischen\u00adwahlen steht die republi\u00adka\u00adnische Mehrheit in beiden Kammern unter&nbsp;Druck.<\/p>\n\n\n\n<p>Zu Jahres\u00adbeginn 2026 sah die innen\u00adpo\u00adli\u00adtische Lage f\u00fcr die Republi\u00adkaner noch komfor\u00adtabler aus. Doch der Irankrieg hat messbar negative Spuren in Trumps Popula\u00adrit\u00e4t hinter\u00adlassen und damit die Agenda f\u00fcr die Zwischen\u00adwahlen im November neu geschrieben. H\u00f6here Benzin\u00adpreise, steigende Lebens\u00adhal\u00adtungs\u00adkosten und ein tieferes Realein\u00adkommen durch die kriegs\u00adbe\u00addingte Inflation sind keine abstrakten Makro\u00adgr\u00f6ssen. Sie sind Themen, die an der Urne z\u00e4hlen.<\/p>\n\n\n\n<p>Ende April wird zudem die 60-Tage-Frist der sogenannten War Powers Resolution erreicht. Dieses Gesetz verpflichtet den Pr\u00e4si\u00addenten, nach 60 Tagen eine formelle Kongress\u00aderm\u00e4ch\u00adtigung f\u00fcr den Milit\u00e4r\u00adeinsatz einzu\u00adholen \u2013 verl\u00e4n\u00adgerbar um weitere 30 Tage. Das erh\u00f6ht den Druck auf die Trump-Adminis\u00adtration, rasch eine dauer\u00adhafte L\u00f6sung zu finden. Dank der republi\u00adka\u00adni\u00adschen Mehrheit in beiden Kammern wird Trump diese Erm\u00e4ch\u00adtigung erhalten. Doch die Trifecta (Pr\u00e4si\u00adden\u00adtenamt plus Mehrheit in beiden Kammern)  steht auf dem&nbsp;Spiel.<\/p>\n\n\n\n<h3 class=\"wp-block-heading\"><strong>Die Afforda\u00adbility-Agenda entscheidet<\/strong><\/h3>\n\n\n\n<p>Trump weiss das. Seine sogenannte Afforda\u00adbility-Agenda, die die reale Einkom\u00admens\u00adent\u00adwicklung, Benzin\u00adpreise, Wohnkosten sowie Gesund\u00adheits\u00adaus\u00adgaben beinhaltet, wird die Zwischen\u00adwahlen dominieren. Solange der Irankon\u00adflikt die Energie\u00adpreise hochh\u00e4lt und die Zinssen\u00adkungen der US-Notenbank nach hinten verschiebt, ist diese Agenda schwer zu liefern. Der US-Leitzins d\u00fcrfte Ende 2026 bei rund 3.55 Prozent liegen und nicht wie erhofft bei 3.25 Prozent. Zwei Zinsschritte sind zu einem, wenn \u00fcberhaupt, geschrumpft.<\/p>\n\n\n\n<p>Trumps Reaktion d\u00fcrfte deshalb zweigleisig sein: Einer\u00adseits wird er den Iran-Deal mit Nachdruck voran\u00adtreiben. Dies nicht nur aus aussen\u00adpo\u00adli\u00adti\u00adschem Kalk\u00fcl, sondern weil sinkende \u00d6lpreise die schnellste Entlastung f\u00fcr ameri\u00adka\u00adnische Haushalte w\u00e4ren. Anderer\u00adseits darf man bis November mit einer Reihe konven\u00adtio\u00adneller und unkon\u00adven\u00adtio\u00adneller Stimu\u00adlus\u00admass\u00adnahmen rechnen. Amerika feiert 2026 sein 250-j\u00e4hriges Bestehen, dazu kommt die Fussball-WM auf ameri\u00adka\u00adni\u00adschem Boden. Gross\u00adereig\u00adnisse schaffen gute Stimmung, die wiederum f\u00f6rderlich ist f\u00fcr den Wahlkampf. Diese Brot-und-Spiele-Strategie hat schon im alten Rom funktioniert.<\/p>\n\n\n\n<h3 class=\"wp-block-heading\"><strong>Repr\u00e4\u00adsen\u00adtan\u00adtenhaus: Mehrheit wackelt<\/strong><\/h3>\n\n\n\n<p>Die Republi\u00adkaner halten im Repr\u00e4\u00adsen\u00adtan\u00adtenhaus derzeit eine knappe Mehrheit. Diese zu vertei\u00addigen ist struk\u00adturell schwierig: Bei Zwischen\u00adwahlen liegt die Wahlbe\u00adtei\u00adligung typischer\u00adweise bei 40 bis 45 Prozent \u2013 bei Pr\u00e4si\u00addent\u00adschafts\u00adwahlen sind es 60 bis 65 Prozent. Die republi\u00adka\u00adnische W\u00e4hler\u00adbasis ist tenden\u00adziell eher l\u00e4ndlich, ohne Hochschul\u00adab\u00adschluss und einkom\u00admens\u00adschw\u00e4cher und muss st\u00e4rker mobili\u00adsiert werden, um bei Zwischen\u00adwahlen \u00fcberhaupt zur Urne zu gehen. Gelingt das nicht, profi\u00adtieren die Demokraten. Das Basis\u00adsze\u00adnario: Die Demokraten gewinnen die Mehrheit im Repr\u00e4sentantenhaus.<\/p>\n\n\n\n<h3 class=\"wp-block-heading\"><strong>Senat: Sehr eng, aber wohl republikanisch<\/strong><\/h3>\n\n\n\n<p>Im Senat ist die Ausgangslage f\u00fcr die Republi\u00adkaner etwas komfor\u00adtabler: Sie halten 53 von 100 Sitzen. F\u00fcr eine Wende br\u00e4uchten die Demokraten vier Gewinne oder einen Patt von 50 zu 50, was in der US-Geschichte erst dreimal vorkam (1881, 1954 und 2001). Bei einem Patt h\u00e4tte Vizepr\u00e4\u00adsident <span class=\"caps\">JD<\/span> Vance den Stich\u00adent\u00adscheid. Das Basis\u00adsze\u00adnario: Es wird \u00e4usserst knapp, aber die Republi\u00adkaner d\u00fcrften die Mehrheit im Senat knapp behalten.<\/p>\n\n\n\n<h3 class=\"wp-block-heading\"><strong>Was ein geteilter Kongress bedeuten w\u00fcrde<\/strong><\/h3>\n\n\n\n<p>Verlieren die Republi\u00adkaner das Repr\u00e4\u00adsen\u00adtan\u00adtenhaus, endet die Trifecta. Grosse Gesetz\u00adge\u00adbungs\u00adpro\u00adjekte w\u00fcrden blockiert, Trumps innen\u00adpo\u00adli\u00adtische Handlungs\u00adf\u00e4\u00adhigkeit erheblich einge\u00adschr\u00e4nkt. F\u00fcr die Finanz\u00adm\u00e4rkte w\u00e4re das ein relevantes Signal: Weniger fiska\u00adli\u00adscher Spielraum, mehr politische Reibung, unsichere Haushaltspfade.<\/p>\n\n\n\n<p>Gleich\u00adzeitig kennt die Geschichte auch die umgekehrte Dynamik: Ein geteilter Kongress kann M\u00e4rkte beruhigen, weil er extreme politische Ausschl\u00e4ge in beide Richtungen d\u00e4mpft. \u00dcber die kommenden Monate werden wir verschiedene Wahlsze\u00adnarien ausar\u00adbeiten und deren m\u00f6gliche Auswir\u00adkungen auf die Aktien\u00adm\u00e4rkte einsch\u00e4tzen.<\/p>\n\n\n\n<h3 class=\"wp-block-heading\"><strong>Der Iran-Deal als Schl\u00fcssel<\/strong><\/h3>\n\n\n\n<p>Am Ende l\u00e4uft vieles auf eine zentrale Frage hinaus: Gelingt ein Abkommen mit dem Iran recht\u00adzeitig, um die Energie\u00adpreise zu senken und die Kaufkraft der ameri\u00adka\u00adni\u00adschen Haushalte zu st\u00fctzen? Sowohl Washington als auch Teheran stehen unter erheb\u00adlichem Druck \u2013 die <span class=\"caps\">USA<\/span> aus innen\u00adpo\u00adli\u00adti\u00adschen Gr\u00fcnden, der Iran aus wirtschaft\u00adlichen. Die Einbindung von <span class=\"caps\">JD<\/span> Vance in die Verhand\u00adlungen signa\u00adli\u00adsiert den Ernst der Lage. Ein Deal bis zum Herbst ist m\u00f6glich. Ob er reicht, um die Trifecta zu retten, ist eine andere Frage.<\/p>\n\n\n\n<p>Die Zwischen\u00adwahlen gewinnen als Thema zunehmend an Bedeutung \u2013 auch f\u00fcr Anlege\u00adrinnen und Anleger. Denn je nach Ausgang d\u00fcrften Fiskal\u00adpo\u00adlitik, Regulierung und Haushaltspfad sehr unter\u00adschied\u00adliche Z\u00fcge annehmen \u2013 mit entspre\u00adchenden Konse\u00adquenzen f\u00fcr die Portfoliopositionierung.<\/p>\n\n\n\n<p>Bei Fragen zu diesem Thema stehen Ihnen&nbsp;<a href=\"https:\/\/www.rahnbodmer.ch\/de\/ansprechpersonen\/kundenberater-innen\">unsere Kunden\u00adbe\u00adra\u00adte\u00adrinnen und Kunden\u00adbe\u00adrater<\/a>&nbsp;gerne zur Verf\u00fcgung.<\/p>\n\n\n\n<p>Bei Anregungen zum Notablog wenden Sie sich bitte an&nbsp;<a href=\"mailto:notablog@rahnbodmer.ch\" target=\"_blank\" rel=\"noreferrer noopener\">notablog@rahnbodmer.ch<\/a>.<\/p>\n\n\n\n<p class=\"has-small-font-size\">Recht\u00adliche Hinweise<br>Die Infor\u00adma\u00adtionen und Ansichten in diesem Blog dienen ausschliesslich Infor\u00adma\u00adti\u00adons\u00adzwecken und stellen insbe\u00adsondere keine Werbung, Empfehlung, Finanz\u00adanalyse oder sonstige Beratung dar. Namentlich ist dieser weder dazu bestimmt, der Leserin oder dem Leser eine Anlage\u00adbe\u00adratung zukommen zu lassen, noch sie oder ihn bei allf\u00e4l\u00adligen Inves\u00adti\u00adtionen oder sonstigen Trans\u00adak\u00adtionen zu unter\u00adst\u00fctzen. Entscheide, welche aufgrund der vorlie\u00adgenden Publi\u00adkation getroffen werden, erfolgen im allei\u00adnigen Risiko der Anlegerin oder des Anlegers.<\/p>\n","protected":false},"excerpt":{"rendered":"<p>Der Krieg als Wendepunkt.<\/p>\n","protected":false},"author":64,"featured_media":5605,"comment_status":"closed","ping_status":"closed","sticky":false,"template":"","format":"standard","meta":{"wp_typography_post_enhancements_disabled":false,"_ef_editorial_meta_date_first-draft-date":"","_ef_editorial_meta_paragraph_assignment":"","_ef_editorial_meta_checkbox_needs-photo":"","_ef_editorial_meta_number_word-count":"","footnotes":""},"categories":[28],"tags":[],"class_list":["post-7821","post","type-post","status-publish","format-standard","has-post-thumbnail","hentry","category-anlegen","clearfix"],"yoast_head":"<!-- This site is optimized with the Yoast SEO plugin v27.1.1 - https:\/\/yoast.com\/product\/yoast-seo-wordpress\/ -->\n<title>US-Zwischenwahlen 2026: Trifecta in Gefahr - Nota Blog<\/title>\n<meta name=\"description\" content=\"Der Irankrieg hat die politische Ausgangslage f\u00fcr Donald Trump grundlegend ver\u00e4ndert. Sechs Monate vor den Zwischenwahlen steht die republikanische Mehrheit in beiden Kammern unter Druck.\" \/>\n<meta name=\"robots\" content=\"index, follow, max-snippet:-1, max-image-preview:large, max-video-preview:-1\" \/>\n<link rel=\"canonical\" href=\"https:\/\/www.rahnbodmer.ch\/notablog\/2026\/04\/us-zwischenwahlen-2026-trifecta-in-gefahr\/\" \/>\n<meta property=\"og:locale\" content=\"de_DE\" \/>\n<meta property=\"og:type\" content=\"article\" \/>\n<meta property=\"og:title\" content=\"US-Zwischenwahlen 2026: Trifecta in Gefahr\" \/>\n<meta property=\"og:description\" content=\"Der Irankrieg hat die politische Ausgangslage f\u00fcr Donald Trump grundlegend ver\u00e4ndert. Sechs Monate vor den Zwischenwahlen steht die republikanische Mehrheit in beiden Kammern unter Druck.\" \/>\n<meta property=\"og:url\" content=\"https:\/\/www.rahnbodmer.ch\/notablog\/2026\/04\/us-zwischenwahlen-2026-trifecta-in-gefahr\/\" \/>\n<meta property=\"og:site_name\" content=\"Nota Blog\" \/>\n<meta property=\"article:published_time\" content=\"2026-04-21T05:00:00+00:00\" \/>\n<meta property=\"og:image\" content=\"https:\/\/www.rahnbodmer.ch\/notablog\/wp-content\/uploads\/2022\/08\/blog-Heinz-R\u00fcttimann.jpg\" \/>\n\t<meta property=\"og:image:width\" content=\"768\" \/>\n\t<meta property=\"og:image:height\" content=\"739\" \/>\n\t<meta property=\"og:image:type\" content=\"image\/jpeg\" \/>\n<meta name=\"author\" content=\"Heinz R\u00fcttimann\" \/>\n<meta name=\"twitter:card\" content=\"summary_large_image\" \/>\n<meta name=\"twitter:label1\" content=\"Geschrieben von\" \/>\n\t<meta name=\"twitter:data1\" content=\"Heinz R\u00fcttimann\" \/>\n\t<meta name=\"twitter:label2\" content=\"Gesch\u00e4tzte Lesezeit\" \/>\n\t<meta name=\"twitter:data2\" content=\"5\u00a0Minuten\" \/>\n<script type=\"application\/ld+json\" class=\"yoast-schema-graph\">{\"@context\":\"https:\/\/schema.org\",\"@graph\":[{\"@type\":\"Article\",\"@id\":\"https:\/\/www.rahnbodmer.ch\/notablog\/2026\/04\/us-zwischenwahlen-2026-trifecta-in-gefahr\/#article\",\"isPartOf\":{\"@id\":\"https:\/\/www.rahnbodmer.ch\/notablog\/2026\/04\/us-zwischenwahlen-2026-trifecta-in-gefahr\/\"},\"author\":{\"name\":\"Heinz R\u00fcttimann\",\"@id\":\"https:\/\/www.rahnbodmer.ch\/notablog\/#\/schema\/person\/c6c870e33135dab6539c99c370682e10\"},\"headline\":\"US-Zwischen\u00adwahlen 2026: Trifecta in Gefahr\",\"datePublished\":\"2026-04-21T05:00:00+00:00\",\"mainEntityOfPage\":{\"@id\":\"https:\/\/www.rahnbodmer.ch\/notablog\/2026\/04\/us-zwischenwahlen-2026-trifecta-in-gefahr\/\"},\"wordCount\":786,\"image\":{\"@id\":\"https:\/\/www.rahnbodmer.ch\/notablog\/2026\/04\/us-zwischenwahlen-2026-trifecta-in-gefahr\/#primaryimage\"},\"thumbnailUrl\":\"https:\/\/www.rahnbodmer.ch\/notablog\/wp-content\/uploads\/2022\/08\/blog-Heinz-R\u00fcttimann.jpg\",\"articleSection\":[\"Anlegen\"],\"inLanguage\":\"de-CH\"},{\"@type\":\"WebPage\",\"@id\":\"https:\/\/www.rahnbodmer.ch\/notablog\/2026\/04\/us-zwischenwahlen-2026-trifecta-in-gefahr\/\",\"url\":\"https:\/\/www.rahnbodmer.ch\/notablog\/2026\/04\/us-zwischenwahlen-2026-trifecta-in-gefahr\/\",\"name\":\"US-Zwischenwahlen 2026: Trifecta in Gefahr - Nota Blog\",\"isPartOf\":{\"@id\":\"https:\/\/www.rahnbodmer.ch\/notablog\/#website\"},\"primaryImageOfPage\":{\"@id\":\"https:\/\/www.rahnbodmer.ch\/notablog\/2026\/04\/us-zwischenwahlen-2026-trifecta-in-gefahr\/#primaryimage\"},\"image\":{\"@id\":\"https:\/\/www.rahnbodmer.ch\/notablog\/2026\/04\/us-zwischenwahlen-2026-trifecta-in-gefahr\/#primaryimage\"},\"thumbnailUrl\":\"https:\/\/www.rahnbodmer.ch\/notablog\/wp-content\/uploads\/2022\/08\/blog-Heinz-R\u00fcttimann.jpg\",\"datePublished\":\"2026-04-21T05:00:00+00:00\",\"author\":{\"@id\":\"https:\/\/www.rahnbodmer.ch\/notablog\/#\/schema\/person\/c6c870e33135dab6539c99c370682e10\"},\"description\":\"Der Irankrieg hat die politische Ausgangslage f\u00fcr Donald Trump grundlegend ver\u00e4ndert. Sechs Monate vor den Zwischenwahlen steht die republikanische Mehrheit in beiden Kammern unter Druck.\",\"breadcrumb\":{\"@id\":\"https:\/\/www.rahnbodmer.ch\/notablog\/2026\/04\/us-zwischenwahlen-2026-trifecta-in-gefahr\/#breadcrumb\"},\"inLanguage\":\"de-CH\",\"potentialAction\":[{\"@type\":\"ReadAction\",\"target\":[\"https:\/\/www.rahnbodmer.ch\/notablog\/2026\/04\/us-zwischenwahlen-2026-trifecta-in-gefahr\/\"]}]},{\"@type\":\"ImageObject\",\"inLanguage\":\"de-CH\",\"@id\":\"https:\/\/www.rahnbodmer.ch\/notablog\/2026\/04\/us-zwischenwahlen-2026-trifecta-in-gefahr\/#primaryimage\",\"url\":\"https:\/\/www.rahnbodmer.ch\/notablog\/wp-content\/uploads\/2022\/08\/blog-Heinz-R\u00fcttimann.jpg\",\"contentUrl\":\"https:\/\/www.rahnbodmer.ch\/notablog\/wp-content\/uploads\/2022\/08\/blog-Heinz-R\u00fcttimann.jpg\",\"width\":768,\"height\":739,\"caption\":\"Anlagestratege Heinz R\u00fcttimann\"},{\"@type\":\"BreadcrumbList\",\"@id\":\"https:\/\/www.rahnbodmer.ch\/notablog\/2026\/04\/us-zwischenwahlen-2026-trifecta-in-gefahr\/#breadcrumb\",\"itemListElement\":[{\"@type\":\"ListItem\",\"position\":1,\"name\":\"Home\",\"item\":\"https:\/\/www.rahnbodmer.ch\/notablog\/\"},{\"@type\":\"ListItem\",\"position\":2,\"name\":\"US-Zwischen\u00adwahlen 2026: Trifecta in Gefahr\"}]},{\"@type\":\"WebSite\",\"@id\":\"https:\/\/www.rahnbodmer.ch\/notablog\/#website\",\"url\":\"https:\/\/www.rahnbodmer.ch\/notablog\/\",\"name\":\"Nota Blog\",\"description\":\"Das Web-Magazin von Rahn+Bodmer Co.\",\"potentialAction\":[{\"@type\":\"SearchAction\",\"target\":{\"@type\":\"EntryPoint\",\"urlTemplate\":\"https:\/\/www.rahnbodmer.ch\/notablog\/?s={search_term_string}\"},\"query-input\":{\"@type\":\"PropertyValueSpecification\",\"valueRequired\":true,\"valueName\":\"search_term_string\"}}],\"inLanguage\":\"de-CH\"},{\"@type\":\"Person\",\"@id\":\"https:\/\/www.rahnbodmer.ch\/notablog\/#\/schema\/person\/c6c870e33135dab6539c99c370682e10\",\"name\":\"Heinz R\u00fcttimann\",\"image\":{\"@type\":\"ImageObject\",\"inLanguage\":\"de-CH\",\"@id\":\"https:\/\/www.rahnbodmer.ch\/notablog\/#\/schema\/person\/image\/\",\"url\":\"https:\/\/www.rahnbodmer.ch\/notablog\/wp-content\/uploads\/2022\/08\/blog-Heinz-R\u00fcttimann-150x150.jpg\",\"contentUrl\":\"https:\/\/www.rahnbodmer.ch\/notablog\/wp-content\/uploads\/2022\/08\/blog-Heinz-R\u00fcttimann-150x150.jpg\",\"caption\":\"Heinz R\u00fcttimann\"},\"url\":\"https:\/\/www.rahnbodmer.ch\/notablog\/author\/heinz-ruettimann\/\"}]}<\/script>\n<!-- \/ Yoast SEO plugin. -->","yoast_head_json":{"title":"US-Zwischenwahlen 2026: Trifecta in Gefahr - Nota Blog","description":"Der Irankrieg hat die politische Ausgangslage f\u00fcr Donald Trump grundlegend ver\u00e4ndert. Sechs Monate vor den Zwischenwahlen steht die republikanische Mehrheit in beiden Kammern unter Druck.","robots":{"index":"index","follow":"follow","max-snippet":"max-snippet:-1","max-image-preview":"max-image-preview:large","max-video-preview":"max-video-preview:-1"},"canonical":"https:\/\/www.rahnbodmer.ch\/notablog\/2026\/04\/us-zwischenwahlen-2026-trifecta-in-gefahr\/","og_locale":"de_DE","og_type":"article","og_title":"US-Zwischenwahlen 2026: Trifecta in Gefahr","og_description":"Der Irankrieg hat die politische Ausgangslage f\u00fcr Donald Trump grundlegend ver\u00e4ndert. Sechs Monate vor den Zwischenwahlen steht die republikanische Mehrheit in beiden Kammern unter Druck.","og_url":"https:\/\/www.rahnbodmer.ch\/notablog\/2026\/04\/us-zwischenwahlen-2026-trifecta-in-gefahr\/","og_site_name":"Nota Blog","article_published_time":"2026-04-21T05:00:00+00:00","og_image":[{"width":768,"height":739,"url":"https:\/\/www.rahnbodmer.ch\/notablog\/wp-content\/uploads\/2022\/08\/blog-Heinz-R\u00fcttimann.jpg","type":"image\/jpeg"}],"author":"Heinz R\u00fcttimann","twitter_card":"summary_large_image","twitter_misc":{"Geschrieben von":"Heinz R\u00fcttimann","Gesch\u00e4tzte Lesezeit":"5\u00a0Minuten"},"schema":{"@context":"https:\/\/schema.org","@graph":[{"@type":"Article","@id":"https:\/\/www.rahnbodmer.ch\/notablog\/2026\/04\/us-zwischenwahlen-2026-trifecta-in-gefahr\/#article","isPartOf":{"@id":"https:\/\/www.rahnbodmer.ch\/notablog\/2026\/04\/us-zwischenwahlen-2026-trifecta-in-gefahr\/"},"author":{"name":"Heinz R\u00fcttimann","@id":"https:\/\/www.rahnbodmer.ch\/notablog\/#\/schema\/person\/c6c870e33135dab6539c99c370682e10"},"headline":"US-Zwischen\u00adwahlen 2026: Trifecta in Gefahr","datePublished":"2026-04-21T05:00:00+00:00","mainEntityOfPage":{"@id":"https:\/\/www.rahnbodmer.ch\/notablog\/2026\/04\/us-zwischenwahlen-2026-trifecta-in-gefahr\/"},"wordCount":786,"image":{"@id":"https:\/\/www.rahnbodmer.ch\/notablog\/2026\/04\/us-zwischenwahlen-2026-trifecta-in-gefahr\/#primaryimage"},"thumbnailUrl":"https:\/\/www.rahnbodmer.ch\/notablog\/wp-content\/uploads\/2022\/08\/blog-Heinz-R\u00fcttimann.jpg","articleSection":["Anlegen"],"inLanguage":"de-CH"},{"@type":"WebPage","@id":"https:\/\/www.rahnbodmer.ch\/notablog\/2026\/04\/us-zwischenwahlen-2026-trifecta-in-gefahr\/","url":"https:\/\/www.rahnbodmer.ch\/notablog\/2026\/04\/us-zwischenwahlen-2026-trifecta-in-gefahr\/","name":"US-Zwischenwahlen 2026: Trifecta in Gefahr - Nota Blog","isPartOf":{"@id":"https:\/\/www.rahnbodmer.ch\/notablog\/#website"},"primaryImageOfPage":{"@id":"https:\/\/www.rahnbodmer.ch\/notablog\/2026\/04\/us-zwischenwahlen-2026-trifecta-in-gefahr\/#primaryimage"},"image":{"@id":"https:\/\/www.rahnbodmer.ch\/notablog\/2026\/04\/us-zwischenwahlen-2026-trifecta-in-gefahr\/#primaryimage"},"thumbnailUrl":"https:\/\/www.rahnbodmer.ch\/notablog\/wp-content\/uploads\/2022\/08\/blog-Heinz-R\u00fcttimann.jpg","datePublished":"2026-04-21T05:00:00+00:00","author":{"@id":"https:\/\/www.rahnbodmer.ch\/notablog\/#\/schema\/person\/c6c870e33135dab6539c99c370682e10"},"description":"Der Irankrieg hat die politische Ausgangslage f\u00fcr Donald Trump grundlegend ver\u00e4ndert. Sechs Monate vor den Zwischenwahlen steht die republikanische Mehrheit in beiden Kammern unter Druck.","breadcrumb":{"@id":"https:\/\/www.rahnbodmer.ch\/notablog\/2026\/04\/us-zwischenwahlen-2026-trifecta-in-gefahr\/#breadcrumb"},"inLanguage":"de-CH","potentialAction":[{"@type":"ReadAction","target":["https:\/\/www.rahnbodmer.ch\/notablog\/2026\/04\/us-zwischenwahlen-2026-trifecta-in-gefahr\/"]}]},{"@type":"ImageObject","inLanguage":"de-CH","@id":"https:\/\/www.rahnbodmer.ch\/notablog\/2026\/04\/us-zwischenwahlen-2026-trifecta-in-gefahr\/#primaryimage","url":"https:\/\/www.rahnbodmer.ch\/notablog\/wp-content\/uploads\/2022\/08\/blog-Heinz-R\u00fcttimann.jpg","contentUrl":"https:\/\/www.rahnbodmer.ch\/notablog\/wp-content\/uploads\/2022\/08\/blog-Heinz-R\u00fcttimann.jpg","width":768,"height":739,"caption":"Anlagestratege Heinz R\u00fcttimann"},{"@type":"BreadcrumbList","@id":"https:\/\/www.rahnbodmer.ch\/notablog\/2026\/04\/us-zwischenwahlen-2026-trifecta-in-gefahr\/#breadcrumb","itemListElement":[{"@type":"ListItem","position":1,"name":"Home","item":"https:\/\/www.rahnbodmer.ch\/notablog\/"},{"@type":"ListItem","position":2,"name":"US-Zwischen\u00adwahlen 2026: Trifecta in Gefahr"}]},{"@type":"WebSite","@id":"https:\/\/www.rahnbodmer.ch\/notablog\/#website","url":"https:\/\/www.rahnbodmer.ch\/notablog\/","name":"Nota Blog","description":"Das Web-Magazin von Rahn+Bodmer Co.","potentialAction":[{"@type":"SearchAction","target":{"@type":"EntryPoint","urlTemplate":"https:\/\/www.rahnbodmer.ch\/notablog\/?s={search_term_string}"},"query-input":{"@type":"PropertyValueSpecification","valueRequired":true,"valueName":"search_term_string"}}],"inLanguage":"de-CH"},{"@type":"Person","@id":"https:\/\/www.rahnbodmer.ch\/notablog\/#\/schema\/person\/c6c870e33135dab6539c99c370682e10","name":"Heinz R\u00fcttimann","image":{"@type":"ImageObject","inLanguage":"de-CH","@id":"https:\/\/www.rahnbodmer.ch\/notablog\/#\/schema\/person\/image\/","url":"https:\/\/www.rahnbodmer.ch\/notablog\/wp-content\/uploads\/2022\/08\/blog-Heinz-R\u00fcttimann-150x150.jpg","contentUrl":"https:\/\/www.rahnbodmer.ch\/notablog\/wp-content\/uploads\/2022\/08\/blog-Heinz-R\u00fcttimann-150x150.jpg","caption":"Heinz R\u00fcttimann"},"url":"https:\/\/www.rahnbodmer.ch\/notablog\/author\/heinz-ruettimann\/"}]}},"_links":{"self":[{"href":"https:\/\/www.rahnbodmer.ch\/notablog\/wp-json\/wp\/v2\/posts\/7821","targetHints":{"allow":["GET"]}}],"collection":[{"href":"https:\/\/www.rahnbodmer.ch\/notablog\/wp-json\/wp\/v2\/posts"}],"about":[{"href":"https:\/\/www.rahnbodmer.ch\/notablog\/wp-json\/wp\/v2\/types\/post"}],"author":[{"embeddable":true,"href":"https:\/\/www.rahnbodmer.ch\/notablog\/wp-json\/wp\/v2\/users\/64"}],"replies":[{"embeddable":true,"href":"https:\/\/www.rahnbodmer.ch\/notablog\/wp-json\/wp\/v2\/comments?post=7821"}],"version-history":[{"count":5,"href":"https:\/\/www.rahnbodmer.ch\/notablog\/wp-json\/wp\/v2\/posts\/7821\/revisions"}],"predecessor-version":[{"id":7829,"href":"https:\/\/www.rahnbodmer.ch\/notablog\/wp-json\/wp\/v2\/posts\/7821\/revisions\/7829"}],"wp:featuredmedia":[{"embeddable":true,"href":"https:\/\/www.rahnbodmer.ch\/notablog\/wp-json\/wp\/v2\/media\/5605"}],"wp:attachment":[{"href":"https:\/\/www.rahnbodmer.ch\/notablog\/wp-json\/wp\/v2\/media?parent=7821"}],"wp:term":[{"taxonomy":"category","embeddable":true,"href":"https:\/\/www.rahnbodmer.ch\/notablog\/wp-json\/wp\/v2\/categories?post=7821"},{"taxonomy":"post_tag","embeddable":true,"href":"https:\/\/www.rahnbodmer.ch\/notablog\/wp-json\/wp\/v2\/tags?post=7821"}],"curies":[{"name":"wp","href":"https:\/\/api.w.org\/{rel}","templated":true}]}}