{"id":6818,"date":"2024-07-03T07:00:00","date_gmt":"2024-07-03T05:00:00","guid":{"rendered":"https:\/\/www.rahnbodmer.ch\/notablog\/?p=6818"},"modified":"2024-07-03T07:54:00","modified_gmt":"2024-07-03T05:54:00","slug":"6818","status":"publish","type":"post","link":"https:\/\/www.rahnbodmer.ch\/notablog\/2024\/07\/6818\/","title":{"rendered":"Unser Engagement f\u00fcr Musik und Kultur"},"content":{"rendered":"\n<figure class=\"wp-block-image size-large\"><img loading=\"lazy\" decoding=\"async\" width=\"1024\" height=\"696\" src=\"https:\/\/www.rahnbodmer.ch\/notablog\/wp-content\/uploads\/2024\/06\/Festival-da-Jazz-1024x696.jpg\" alt=\"Auftritt von Paquito D'Rivera im Dracula Club am Festival da Jazz 2023. Bild: Festival da Jazz.\" class=\"wp-image-6826\" srcset=\"https:\/\/www.rahnbodmer.ch\/notablog\/wp-content\/uploads\/2024\/06\/Festival-da-Jazz-1024x696.jpg 1024w, https:\/\/www.rahnbodmer.ch\/notablog\/wp-content\/uploads\/2024\/06\/Festival-da-Jazz-300x204.jpg 300w, https:\/\/www.rahnbodmer.ch\/notablog\/wp-content\/uploads\/2024\/06\/Festival-da-Jazz-768x522.jpg 768w, https:\/\/www.rahnbodmer.ch\/notablog\/wp-content\/uploads\/2024\/06\/Festival-da-Jazz-1536x1044.jpg 1536w, https:\/\/www.rahnbodmer.ch\/notablog\/wp-content\/uploads\/2024\/06\/Festival-da-Jazz-2048x1393.jpg 2048w, https:\/\/www.rahnbodmer.ch\/notablog\/wp-content\/uploads\/2024\/06\/Festival-da-Jazz-470x320.jpg 470w\" sizes=\"auto, (max-width: 1024px) 100vw, 1024px\"><\/figure>\n\n\n\n<h3 class=\"wp-block-heading\">Der Sommer in St. Moritz wird wieder zum musika\u00adli\u00adschen Highlight, wenn das Festival da Jazz vom 4. bis 28. Juli 2024 seine Pforten \u00f6ffnet.<\/h3>\n\n\n\n<p><\/p>\n\n\n\n<p>Seit der Gr\u00fcndung im Jahr 2007 hat der Initiator Christian Jott Jenny es geschafft, ein intimes und weltbe\u00adkanntes Jazzfes\u00adtival zu kreieren, das G\u00e4ste aus aller Welt anzieht. Auch in diesem Jahr erwartet die Teilneh\u00adme\u00adrinnen und Teilnehmer ein Programm, das keine W\u00fcnsche offen&nbsp;l\u00e4sst.<\/p>\n\n\n\n<h3 class=\"wp-block-heading\">Rahn+Bodmer Co. als stolze Partnerin<\/h3>\n\n\n\n<p>Die Besuche\u00adrinnen und Besucher sch\u00e4tzen am Festival da Jazz die besondere N\u00e4he zu den K\u00fcnst\u00adle\u00adrinnen und K\u00fcnstlern. Selbst die zentralste Location des Anlasses, der Dracula Club, fasst nur ca. 150 G\u00e4ste, was aber jedes Konzert zu einem unver\u00adgleich\u00adlichen Erlebnis macht (siehe Beitragsbild). Die pers\u00f6n\u00adliche N\u00e4he, die famili\u00e4re Umgebung sowie den Fokus auf Qualit\u00e4t und langj\u00e4hrige Bezie\u00adhungen teilen wir bei Rahn+Bodmer Co. mit den Gr\u00fcndern des Festivals. Wir sind stolz darauf, dieses besondere Ereignis zu unter\u00adst\u00fctzen und dadurch zur kultu\u00adrellen Vielfalt beizutragen.<\/p>\n\n\n\n<p>Seit vielen Jahren besuche ich das Festival und habe Jazzgr\u00f6ssen wie Ahmad Jamal, Herbie Hancock, Marcus Miller und Brad Mehldau in verschie\u00addenen Forma\u00adtionen sehen k\u00f6nnen. Seit mehreren Jahren unter\u00adst\u00fctzen wir auch Konzerte des G\u00f6nner\u00advereins \u00abAmis del Festival da Jazz\u00bb in Z\u00fcrich und konnten mit unseren G\u00e4sten unver\u00adgess\u00adliche Momente erleben. Im Engadin sch\u00e4tze ich ganz besonders die einzig\u00adartige Mischung aus Musik, Kultur und atembe\u00adrau\u00adbender Landschaft des Festivals. Der Besuch ist ein Muss f\u00fcr jede Jazzlieb\u00adha\u00adberin oder jeden Jazzliebhaber.<\/p>\n\n\n\n<h3 class=\"wp-block-heading\">Highlights 2024<\/h3>\n\n\n\n<p>Das diesj\u00e4hrige Festival da Jazz verspricht wieder eine Vielzahl von musika\u00adli\u00adschen Highlights. Um nur wenige zu nennen:<\/p>\n\n\n\n<p>- Dana Masters \u00fcberzeugt mit ihrer Mischung aus Jazz, Gospel, Soul und&nbsp;Funk<\/p>\n\n\n\n<p>- Das Quartett des Saxofo\u00adnisten Chris Potter \u2013 diesmal mit Brad Mehldau am Klavier, John Patitucci am Bass und Johnathan Blake am Schlagzeug \u2013 setzt neue Massst\u00e4be<\/p>\n\n\n\n<p>- Ihren ersten Auftritt am Festival da Jazz hat Erika Stucky mit ihrem aktuellen Programm \u00abStucky Yodels\u00bb<\/p>\n\n\n\n<p>- Das Theater Rigiblick bringt zusammen mit Pepe Lienhard eine Hommage an den grossen Kompo\u00adnisten Ennio Morricone auf die Konzertb\u00fchne&nbsp;<\/p>\n\n\n\n<p>Das Festival da Jazz endet am 28. Juli 2024 mit dem Auftritt von Helge Schneider im Dracula Club.<\/p>\n\n\n\n<p>Wir freuen uns auf ein weiteres erfolg\u00adreiches Festival und auf viele unver\u00adgess\u00adliche Momente.<\/p>\n\n\n\n<p><a href=\"https:\/\/www.festivaldajazz.ch\/de\/programm\">Hier geht\u2019s zum Programm<\/a><\/p>\n\n\n\n<p><\/p>\n","protected":false},"excerpt":{"rendered":"<p>Rahn+Bodmer Co. unter\u00adst\u00fctzt als Sponsorin das Festival da Jazz in St. Moritz.<\/p>\n","protected":false},"author":19,"featured_media":0,"comment_status":"closed","ping_status":"closed","sticky":false,"template":"","format":"standard","meta":{"wp_typography_post_enhancements_disabled":false,"_ef_editorial_meta_date_first-draft-date":"","_ef_editorial_meta_paragraph_assignment":"","_ef_editorial_meta_checkbox_needs-photo":"","_ef_editorial_meta_number_word-count":"","footnotes":""},"categories":[32],"tags":[],"class_list":["post-6818","post","type-post","status-publish","format-standard","hentry","category-in-eigener-sache","clearfix"],"yoast_head":"<!-- This site is optimized with the Yoast SEO plugin v27.1.1 - https:\/\/yoast.com\/product\/yoast-seo-wordpress\/ -->\n<title>Unser Engagement f\u00fcr Musik und Kultur - Nota Blog<\/title>\n<meta name=\"description\" content=\"Rahn+Bodmer Co. unterst\u00fctzt als Sponsorin das Festival da Jazz in St. Moritz.\" \/>\n<meta name=\"robots\" content=\"index, follow, max-snippet:-1, max-image-preview:large, max-video-preview:-1\" \/>\n<link rel=\"canonical\" href=\"https:\/\/www.rahnbodmer.ch\/notablog\/2024\/07\/6818\/\" \/>\n<meta property=\"og:locale\" content=\"de_DE\" \/>\n<meta property=\"og:type\" content=\"article\" \/>\n<meta property=\"og:title\" content=\"Unser Engagement f\u00fcr Musik und Kultur\" \/>\n<meta property=\"og:description\" content=\"Rahn+Bodmer Co. unterst\u00fctzt als Sponsorin das Festival da Jazz in St. Moritz.\" \/>\n<meta property=\"og:url\" content=\"https:\/\/www.rahnbodmer.ch\/notablog\/2024\/07\/6818\/\" \/>\n<meta property=\"og:site_name\" content=\"Nota Blog\" \/>\n<meta property=\"article:published_time\" content=\"2024-07-03T05:00:00+00:00\" \/>\n<meta property=\"article:modified_time\" content=\"2024-07-03T05:54:00+00:00\" \/>\n<meta property=\"og:image\" content=\"https:\/\/www.rahnbodmer.ch\/notablog\/wp-content\/uploads\/2024\/06\/Festival-da-Jazz-1024x696.jpg\" \/>\n<meta name=\"author\" content=\"Martin H. Bidermann\" \/>\n<meta name=\"twitter:card\" content=\"summary_large_image\" \/>\n<meta name=\"twitter:label1\" content=\"Geschrieben von\" \/>\n\t<meta name=\"twitter:data1\" content=\"Martin H. Bidermann\" \/>\n\t<meta name=\"twitter:label2\" content=\"Gesch\u00e4tzte Lesezeit\" \/>\n\t<meta name=\"twitter:data2\" content=\"3\u00a0Minuten\" \/>\n<script type=\"application\/ld+json\" class=\"yoast-schema-graph\">{\"@context\":\"https:\/\/schema.org\",\"@graph\":[{\"@type\":\"Article\",\"@id\":\"https:\/\/www.rahnbodmer.ch\/notablog\/2024\/07\/6818\/#article\",\"isPartOf\":{\"@id\":\"https:\/\/www.rahnbodmer.ch\/notablog\/2024\/07\/6818\/\"},\"author\":{\"name\":\"Martin H. Bidermann\",\"@id\":\"https:\/\/www.rahnbodmer.ch\/notablog\/#\/schema\/person\/c86c5750b7f3cbb8e24c12ae5406ced8\"},\"headline\":\"Unser Engagement f\u00fcr Musik und Kultur\",\"datePublished\":\"2024-07-03T05:00:00+00:00\",\"dateModified\":\"2024-07-03T05:54:00+00:00\",\"mainEntityOfPage\":{\"@id\":\"https:\/\/www.rahnbodmer.ch\/notablog\/2024\/07\/6818\/\"},\"wordCount\":389,\"image\":{\"@id\":\"https:\/\/www.rahnbodmer.ch\/notablog\/2024\/07\/6818\/#primaryimage\"},\"thumbnailUrl\":\"https:\/\/www.rahnbodmer.ch\/notablog\/wp-content\/uploads\/2024\/06\/Festival-da-Jazz-1024x696.jpg\",\"articleSection\":[\"In eigener Sache\"],\"inLanguage\":\"de-CH\"},{\"@type\":\"WebPage\",\"@id\":\"https:\/\/www.rahnbodmer.ch\/notablog\/2024\/07\/6818\/\",\"url\":\"https:\/\/www.rahnbodmer.ch\/notablog\/2024\/07\/6818\/\",\"name\":\"Unser Engagement f\u00fcr Musik und Kultur - Nota Blog\",\"isPartOf\":{\"@id\":\"https:\/\/www.rahnbodmer.ch\/notablog\/#website\"},\"primaryImageOfPage\":{\"@id\":\"https:\/\/www.rahnbodmer.ch\/notablog\/2024\/07\/6818\/#primaryimage\"},\"image\":{\"@id\":\"https:\/\/www.rahnbodmer.ch\/notablog\/2024\/07\/6818\/#primaryimage\"},\"thumbnailUrl\":\"https:\/\/www.rahnbodmer.ch\/notablog\/wp-content\/uploads\/2024\/06\/Festival-da-Jazz-1024x696.jpg\",\"datePublished\":\"2024-07-03T05:00:00+00:00\",\"dateModified\":\"2024-07-03T05:54:00+00:00\",\"author\":{\"@id\":\"https:\/\/www.rahnbodmer.ch\/notablog\/#\/schema\/person\/c86c5750b7f3cbb8e24c12ae5406ced8\"},\"description\":\"Rahn+Bodmer Co. unterst\u00fctzt als Sponsorin das Festival da Jazz in St. Moritz.\",\"breadcrumb\":{\"@id\":\"https:\/\/www.rahnbodmer.ch\/notablog\/2024\/07\/6818\/#breadcrumb\"},\"inLanguage\":\"de-CH\",\"potentialAction\":[{\"@type\":\"ReadAction\",\"target\":[\"https:\/\/www.rahnbodmer.ch\/notablog\/2024\/07\/6818\/\"]}]},{\"@type\":\"ImageObject\",\"inLanguage\":\"de-CH\",\"@id\":\"https:\/\/www.rahnbodmer.ch\/notablog\/2024\/07\/6818\/#primaryimage\",\"url\":\"https:\/\/www.rahnbodmer.ch\/notablog\/wp-content\/uploads\/2024\/06\/Festival-da-Jazz.jpg\",\"contentUrl\":\"https:\/\/www.rahnbodmer.ch\/notablog\/wp-content\/uploads\/2024\/06\/Festival-da-Jazz.jpg\",\"width\":2425,\"height\":1649},{\"@type\":\"BreadcrumbList\",\"@id\":\"https:\/\/www.rahnbodmer.ch\/notablog\/2024\/07\/6818\/#breadcrumb\",\"itemListElement\":[{\"@type\":\"ListItem\",\"position\":1,\"name\":\"Home\",\"item\":\"https:\/\/www.rahnbodmer.ch\/notablog\/\"},{\"@type\":\"ListItem\",\"position\":2,\"name\":\"Unser Engagement f\u00fcr Musik und Kultur\"}]},{\"@type\":\"WebSite\",\"@id\":\"https:\/\/www.rahnbodmer.ch\/notablog\/#website\",\"url\":\"https:\/\/www.rahnbodmer.ch\/notablog\/\",\"name\":\"Nota Blog\",\"description\":\"Das Web-Magazin von Rahn+Bodmer Co.\",\"potentialAction\":[{\"@type\":\"SearchAction\",\"target\":{\"@type\":\"EntryPoint\",\"urlTemplate\":\"https:\/\/www.rahnbodmer.ch\/notablog\/?s={search_term_string}\"},\"query-input\":{\"@type\":\"PropertyValueSpecification\",\"valueRequired\":true,\"valueName\":\"search_term_string\"}}],\"inLanguage\":\"de-CH\"},{\"@type\":\"Person\",\"@id\":\"https:\/\/www.rahnbodmer.ch\/notablog\/#\/schema\/person\/c86c5750b7f3cbb8e24c12ae5406ced8\",\"name\":\"Martin H. Bidermann\",\"image\":{\"@type\":\"ImageObject\",\"inLanguage\":\"de-CH\",\"@id\":\"https:\/\/www.rahnbodmer.ch\/notablog\/#\/schema\/person\/image\/\",\"url\":\"https:\/\/www.rahnbodmer.ch\/notablog\/wp-content\/plugins\/wp-user-avatar\/deprecated\/wp-user-avatar\/images\/wpua-96x96.png\",\"contentUrl\":\"https:\/\/www.rahnbodmer.ch\/notablog\/wp-content\/plugins\/wp-user-avatar\/deprecated\/wp-user-avatar\/images\/wpua-96x96.png\",\"caption\":\"Martin H. Bidermann\"},\"url\":\"https:\/\/www.rahnbodmer.ch\/notablog\/author\/martin-h-bidermann\/\"}]}<\/script>\n<!-- \/ Yoast SEO plugin. -->","yoast_head_json":{"title":"Unser Engagement f\u00fcr Musik und Kultur - Nota Blog","description":"Rahn+Bodmer Co. unterst\u00fctzt als Sponsorin das Festival da Jazz in St. Moritz.","robots":{"index":"index","follow":"follow","max-snippet":"max-snippet:-1","max-image-preview":"max-image-preview:large","max-video-preview":"max-video-preview:-1"},"canonical":"https:\/\/www.rahnbodmer.ch\/notablog\/2024\/07\/6818\/","og_locale":"de_DE","og_type":"article","og_title":"Unser Engagement f\u00fcr Musik und Kultur","og_description":"Rahn+Bodmer Co. unterst\u00fctzt als Sponsorin das Festival da Jazz in St. Moritz.","og_url":"https:\/\/www.rahnbodmer.ch\/notablog\/2024\/07\/6818\/","og_site_name":"Nota Blog","article_published_time":"2024-07-03T05:00:00+00:00","article_modified_time":"2024-07-03T05:54:00+00:00","og_image":[{"url":"https:\/\/www.rahnbodmer.ch\/notablog\/wp-content\/uploads\/2024\/06\/Festival-da-Jazz-1024x696.jpg","type":"","width":"","height":""}],"author":"Martin H. Bidermann","twitter_card":"summary_large_image","twitter_misc":{"Geschrieben von":"Martin H. Bidermann","Gesch\u00e4tzte Lesezeit":"3\u00a0Minuten"},"schema":{"@context":"https:\/\/schema.org","@graph":[{"@type":"Article","@id":"https:\/\/www.rahnbodmer.ch\/notablog\/2024\/07\/6818\/#article","isPartOf":{"@id":"https:\/\/www.rahnbodmer.ch\/notablog\/2024\/07\/6818\/"},"author":{"name":"Martin H. Bidermann","@id":"https:\/\/www.rahnbodmer.ch\/notablog\/#\/schema\/person\/c86c5750b7f3cbb8e24c12ae5406ced8"},"headline":"Unser Engagement f\u00fcr Musik und Kultur","datePublished":"2024-07-03T05:00:00+00:00","dateModified":"2024-07-03T05:54:00+00:00","mainEntityOfPage":{"@id":"https:\/\/www.rahnbodmer.ch\/notablog\/2024\/07\/6818\/"},"wordCount":389,"image":{"@id":"https:\/\/www.rahnbodmer.ch\/notablog\/2024\/07\/6818\/#primaryimage"},"thumbnailUrl":"https:\/\/www.rahnbodmer.ch\/notablog\/wp-content\/uploads\/2024\/06\/Festival-da-Jazz-1024x696.jpg","articleSection":["In eigener Sache"],"inLanguage":"de-CH"},{"@type":"WebPage","@id":"https:\/\/www.rahnbodmer.ch\/notablog\/2024\/07\/6818\/","url":"https:\/\/www.rahnbodmer.ch\/notablog\/2024\/07\/6818\/","name":"Unser Engagement f\u00fcr Musik und Kultur - Nota Blog","isPartOf":{"@id":"https:\/\/www.rahnbodmer.ch\/notablog\/#website"},"primaryImageOfPage":{"@id":"https:\/\/www.rahnbodmer.ch\/notablog\/2024\/07\/6818\/#primaryimage"},"image":{"@id":"https:\/\/www.rahnbodmer.ch\/notablog\/2024\/07\/6818\/#primaryimage"},"thumbnailUrl":"https:\/\/www.rahnbodmer.ch\/notablog\/wp-content\/uploads\/2024\/06\/Festival-da-Jazz-1024x696.jpg","datePublished":"2024-07-03T05:00:00+00:00","dateModified":"2024-07-03T05:54:00+00:00","author":{"@id":"https:\/\/www.rahnbodmer.ch\/notablog\/#\/schema\/person\/c86c5750b7f3cbb8e24c12ae5406ced8"},"description":"Rahn+Bodmer Co. unterst\u00fctzt als Sponsorin das Festival da Jazz in St. Moritz.","breadcrumb":{"@id":"https:\/\/www.rahnbodmer.ch\/notablog\/2024\/07\/6818\/#breadcrumb"},"inLanguage":"de-CH","potentialAction":[{"@type":"ReadAction","target":["https:\/\/www.rahnbodmer.ch\/notablog\/2024\/07\/6818\/"]}]},{"@type":"ImageObject","inLanguage":"de-CH","@id":"https:\/\/www.rahnbodmer.ch\/notablog\/2024\/07\/6818\/#primaryimage","url":"https:\/\/www.rahnbodmer.ch\/notablog\/wp-content\/uploads\/2024\/06\/Festival-da-Jazz.jpg","contentUrl":"https:\/\/www.rahnbodmer.ch\/notablog\/wp-content\/uploads\/2024\/06\/Festival-da-Jazz.jpg","width":2425,"height":1649},{"@type":"BreadcrumbList","@id":"https:\/\/www.rahnbodmer.ch\/notablog\/2024\/07\/6818\/#breadcrumb","itemListElement":[{"@type":"ListItem","position":1,"name":"Home","item":"https:\/\/www.rahnbodmer.ch\/notablog\/"},{"@type":"ListItem","position":2,"name":"Unser Engagement f\u00fcr Musik und Kultur"}]},{"@type":"WebSite","@id":"https:\/\/www.rahnbodmer.ch\/notablog\/#website","url":"https:\/\/www.rahnbodmer.ch\/notablog\/","name":"Nota Blog","description":"Das Web-Magazin von Rahn+Bodmer Co.","potentialAction":[{"@type":"SearchAction","target":{"@type":"EntryPoint","urlTemplate":"https:\/\/www.rahnbodmer.ch\/notablog\/?s={search_term_string}"},"query-input":{"@type":"PropertyValueSpecification","valueRequired":true,"valueName":"search_term_string"}}],"inLanguage":"de-CH"},{"@type":"Person","@id":"https:\/\/www.rahnbodmer.ch\/notablog\/#\/schema\/person\/c86c5750b7f3cbb8e24c12ae5406ced8","name":"Martin H. Bidermann","image":{"@type":"ImageObject","inLanguage":"de-CH","@id":"https:\/\/www.rahnbodmer.ch\/notablog\/#\/schema\/person\/image\/","url":"https:\/\/www.rahnbodmer.ch\/notablog\/wp-content\/plugins\/wp-user-avatar\/deprecated\/wp-user-avatar\/images\/wpua-96x96.png","contentUrl":"https:\/\/www.rahnbodmer.ch\/notablog\/wp-content\/plugins\/wp-user-avatar\/deprecated\/wp-user-avatar\/images\/wpua-96x96.png","caption":"Martin H. Bidermann"},"url":"https:\/\/www.rahnbodmer.ch\/notablog\/author\/martin-h-bidermann\/"}]}},"_links":{"self":[{"href":"https:\/\/www.rahnbodmer.ch\/notablog\/wp-json\/wp\/v2\/posts\/6818","targetHints":{"allow":["GET"]}}],"collection":[{"href":"https:\/\/www.rahnbodmer.ch\/notablog\/wp-json\/wp\/v2\/posts"}],"about":[{"href":"https:\/\/www.rahnbodmer.ch\/notablog\/wp-json\/wp\/v2\/types\/post"}],"author":[{"embeddable":true,"href":"https:\/\/www.rahnbodmer.ch\/notablog\/wp-json\/wp\/v2\/users\/19"}],"replies":[{"embeddable":true,"href":"https:\/\/www.rahnbodmer.ch\/notablog\/wp-json\/wp\/v2\/comments?post=6818"}],"version-history":[{"count":7,"href":"https:\/\/www.rahnbodmer.ch\/notablog\/wp-json\/wp\/v2\/posts\/6818\/revisions"}],"predecessor-version":[{"id":6833,"href":"https:\/\/www.rahnbodmer.ch\/notablog\/wp-json\/wp\/v2\/posts\/6818\/revisions\/6833"}],"wp:attachment":[{"href":"https:\/\/www.rahnbodmer.ch\/notablog\/wp-json\/wp\/v2\/media?parent=6818"}],"wp:term":[{"taxonomy":"category","embeddable":true,"href":"https:\/\/www.rahnbodmer.ch\/notablog\/wp-json\/wp\/v2\/categories?post=6818"},{"taxonomy":"post_tag","embeddable":true,"href":"https:\/\/www.rahnbodmer.ch\/notablog\/wp-json\/wp\/v2\/tags?post=6818"}],"curies":[{"name":"wp","href":"https:\/\/api.w.org\/{rel}","templated":true}]}}