{"id":6490,"date":"2023-12-13T07:00:00","date_gmt":"2023-12-13T06:00:00","guid":{"rendered":"https:\/\/www.rahnbodmer.ch\/notablog\/?p=6490"},"modified":"2023-12-14T13:22:23","modified_gmt":"2023-12-14T12:22:23","slug":"die-ki-revolution-einblick-in-die-zukunft-von-arbeit-ethik-und-kreativem-schaffen","status":"publish","type":"post","link":"https:\/\/www.rahnbodmer.ch\/notablog\/2023\/12\/die-ki-revolution-einblick-in-die-zukunft-von-arbeit-ethik-und-kreativem-schaffen\/","title":{"rendered":"Die KI-Revolution: Einblick in die Zukunft von Arbeit, Ethik und kreativem Schaffen"},"content":{"rendered":"\n<p>In diesem Interview tauchen wir ein in die Welt der k\u00fcnst\u00adlichen Intel\u00adligenz (<span class=\"caps\">KI<\/span>) und disku\u00adtieren mit einem Experten ihre Rolle bei der Umgestaltung unserer Gesell\u00adschaft. Der studierte Neuro\u00adwis\u00adsen\u00adschaftler Pascal Kaufmann ist Unter\u00adnehmer und Gr\u00fcnder von AlpineAI, der Mindfire Gruppe, Lab42 <span class=\"caps\">AI<\/span> Lab Davos und ist Co-Gr\u00fcnder von Starmind International.<\/p>\n\n\n\n<h3 class=\"wp-block-heading\">Wie sehen Sie die Rolle der k\u00fcnst\u00adlichen Intel\u00adligenz (<span class=\"caps\">KI<\/span>) bei der Ver\u00e4n\u00adderung unseres Alltags und unserer Gesellschaft?<\/h3>\n\n\n\n<p>K\u00fcnst\u00adliche Intel\u00adligenz wird zweifellos das 21. Jahrhundert pr\u00e4gen. Ihr Einfluss wird deutlich durch Automa\u00adti\u00adsierung sp\u00fcrbar sein, auch in Bereichen, die einst als ausschliesslich menschlich galten. Dies betrifft vor allem Arbeits\u00adbe\u00adreiche, die als \u00abWhite-Collar-Jobs\u00bb bekannt sind. Die zuneh\u00admende \u00dcbernahme solcher Aufgaben durch <span class=\"caps\">KI<\/span> wird zwischen\u00admensch\u00adliche Bezie\u00adhungen immer mehr in den Vorder\u00adgrund r\u00fccken. Physische und handwerk\u00adliche Arbeiten gewinnen an Bedeutung, w\u00e4hrend die gesamte Gesell\u00adschaft sich tiefgreifend ver\u00e4ndert.<\/p>\n\n\n\n<h3 class=\"wp-block-heading\">K\u00f6nnen Sie Beispiele f\u00fcr die Einfl\u00fcsse von <span class=\"caps\">KI<\/span> auf unser Leben nennen?<\/h3>\n\n\n\n<p>So genannte k\u00fcnst\u00adliche Intel\u00adligenz ist in erster Linie eine Form der Automa\u00adti\u00adsierung, die sich \u00fcber die Jahre stark weiter\u00adent\u00adwi\u00adckelt hat und nun einen grossen Einfluss auf unseren Alltag hat. Dies beinhaltet Innova\u00adtionen wie automa\u00adti\u00adsierten Kunden\u00adservice und sogar das Verfassen von Texten. Letzteres wurde in einer Univer\u00adsi\u00adt\u00e4ts\u00adstudie ersichtlich, in der Bewer\u00adbungen f\u00fcr litera\u00adrische Studi\u00aden\u00adg\u00e4nge zur\u00fcck\u00adgingen, da <span class=\"caps\">KI<\/span> bereits beacht\u00adliche F\u00e4hig\u00adkeiten im Textver\u00adfassen aufweist. Automa\u00adti\u00adsierung hat auch die Spitzen\u00adfor\u00adschung beschleunigt und dazu gef\u00fchrt, dass viele zuvor ausge\u00adschriebene Jobs nun auf ihre Automa\u00adti\u00adsie\u00adrungs\u00adm\u00f6g\u00adlich\u00adkeiten \u00fcberpr\u00fcft werden. Dies erm\u00f6g\u00adlicht es, Menschen f\u00fcr T\u00e4tig\u00adkeiten freizu\u00adspielen, die nicht automa\u00adti\u00adsiert werden k\u00f6nnen. Genera\u00adtiveAI hat die Art und Weise, wie wir \u00fcber die Einstellung von Arbeits\u00adkr\u00e4ften nachdenken, ver\u00e4ndert, Wissens\u00adarbeit wird an Wert verlieren w\u00e4hrend nicht automa\u00adti\u00adsierbare T\u00e4tig\u00adkeiten stark an Wert gewinnen werden.<\/p>\n\n\n\n<h3 class=\"wp-block-heading\">Wie wirken sich KI-Systeme auf die Arbeitswelt aus?<\/h3>\n\n\n\n<p><span class=\"caps\">KI<\/span> hat das Potenzial, mensch\u00adliche Arbeits\u00adkr\u00e4fte zu ersetzen. Dies bedeutet, dass repetitive und weniger erf\u00fcl\u00adlende Aufgaben vermehrt von Maschinen \u00fcbernommen werden. Ziel sollte jedoch nicht sein, immer mehr Jobs zu schaffen, sondern vielmehr effizi\u00adenter zu gestalten und diese sogar zu reduzieren um dem Menschen Zeit f\u00fcr wirklich bedeutsame T\u00e4tig\u00adkeiten zu erm\u00f6g\u00adlichen. Dies k\u00f6nnte letzt\u00adendlich die Lebens\u00adqua\u00adlit\u00e4t erh\u00f6hen.<\/p>\n\n\n\n<h3 class=\"wp-block-heading\">Welche ethischen Fragen ergeben sich aus der Nutzung fortschritt\u00adlicher Chatbots und \u00e4hnlicher Technologien?<\/h3>\n\n\n\n<p>Aus meiner Sicht haben sich keine neuen ethischen Fragen aufgetan. Der Umgang mit poten\u00adziell irref\u00fch\u00adrenden Infor\u00adma\u00adtionen war schon immer pr\u00e4sent \u2013 sei es in alten r\u00f6mischen Graffiti, die Unwahr\u00adheiten verbrei\u00adteten, oder in der heutigen Zeit, in der manipu\u00adlierte Bilder und Videos existieren. Die Authen\u00adti\u00adzit\u00e4t von Video\u00adkon\u00adfe\u00adrenzen oder Bildern eines Menschen war schon immer hinter\u00adfragbar und ist keine neue ethische Proble\u00admatik. Es geht seit jeher darum, die Quelle zu \u00fcberpr\u00fcfen und zu hinter\u00adfragen, was Wahrheit oder Ethik in unserer Gesell\u00adschaft bedeutet. Es ist nicht nur eine Frage des indivi\u00addu\u00adellen Umgangs mit Techno\u00adlogie, sondern auch eine gesell\u00adschaft\u00adliche Frage, wie wir ethische Standards definieren wollen und wie sich unsere Auffassung vom Zweck des Lebens ver\u00e4ndert hat. Insgesamt wird das tradi\u00adtio\u00adnelle Menschenbild und die Vorstellung davon, was ein gutes Leben ist, stark auf die Probe gestellt und weiter entwi\u00adckelt, was ich als sehr positiv betrachte.<\/p>\n\n\n\n<h3 class=\"wp-block-heading\">Inwiefern beein\u00adflusst die F\u00e4higkeit von <span class=\"caps\">KI<\/span>, Kunst und Musik zu generieren, den kreativen Prozess?<\/h3>\n\n\n\n<p>Ich sehe das Ganze zwiege\u00adspalten. Auf der einen Seite glaube ich, dass Maschinen deutlich besser darin sind, kreativ zu sein. Ein Beispiel daf\u00fcr ist die F\u00e4higkeit von Maschinen, Hunderte von L\u00f6sungen f\u00fcr eine kreative Frage zu generieren, im Vergleich zu Menschen, die vielleicht nur einige wenige Ideen entwi\u00adckeln. Das legt nahe, dass Maschinen in der Lage sind, kreative Prozesse effektiv zu imitieren und sogar innova\u00adtivere Ergeb\u00adnisse zu erzielen.<\/p>\n\n\n\n<p>Wenn es um Musik geht, k\u00f6nnte k\u00fcnst\u00adliche Intel\u00adligenz eine F\u00fclle von St\u00fccken aus verschie\u00addenen Genres vorstellen und m\u00f6gli\u00adcher\u00adweise beein\u00addru\u00adckende und inter\u00ades\u00adsante Musik\u00adst\u00fccke generieren. Aller\u00addings wird die Definition von Kunst in Frage gestellt. Ist Kunst nur das Werk eines Menschen, oder kann auch ein von Maschinen unter\u00adst\u00fctztes kreatives Schaffen als Kunst betrachtet werden? Meiner Einsch\u00e4tzung nach k\u00f6nnte die Zukunft der Kunst darin liegen, dass Mensch und Maschine gemeinsam Werke schaffen, die eine bisher unerreichte Qualit\u00e4t aufweisen, im Gegensatz zu den allei\u00adnigen Bem\u00fchungen eines Menschen.<\/p>\n\n\n\n<h3 class=\"wp-block-heading\">Wie gehen wir mit vorein\u00adge\u00adnom\u00admenen Ansichten um, die KI-Systeme aus den in den Daten veran\u00adkerten Infor\u00adma\u00adtionen \u00fcbernehmen k\u00f6nnen?<\/h3>\n\n\n\n<p>Die Heraus\u00adfor\u00adderung von vorein\u00adge\u00adnom\u00admenen Ansichten ist keine neue, weder f\u00fcr Menschen noch f\u00fcr KI-Systeme. Es geht darum, wie wir die Infor\u00adma\u00adtionen inter\u00adpre\u00adtieren und sicher\u00adstellen, dass unsere Daten repr\u00e4\u00adsen\u00adtativ sind. Die Quellen\u00ad\u00fcber\u00adpr\u00fcfung ist essen\u00adtiell, um die poten\u00adzielle Vorein\u00adge\u00adnom\u00admenheit zu minimieren. Stereo\u00adtypen, Rollen\u00adbilder, Heuris\u00adtiken oder auch Vorur\u00adteile pr\u00e4gen eine Kultur. W\u00fcrden diese allesamt elimi\u00adniert, elimi\u00adnierte man damit auch einen grossen Teil der Kultur. Gut vermeiden lassen sich sexis\u00adtische oder rassis\u00adtische Ansichten, hierzu kommt uns die Techno\u00adlogie zugute.<\/p>\n\n\n\n<h3 class=\"wp-block-heading\">Wie kann die richtige Balance zwischen Automa\u00adti\u00adsierung und mensch\u00adlicher \u00dcberwa\u00adchung beispiels\u00adweise im Gesund\u00adheits\u00adwesen erreicht werden?<\/h3>\n\n\n\n<p>Sowohl automa\u00adti\u00adsierte Systeme als auch Menschen machen Fehler. Eine Studie aus China zeigte, dass Maschinen bei Entschei\u00addungen \u00fcber lebens\u00ader\u00adhal\u00adtende Massnahmen in vielen F\u00e4llen pr\u00e4ziser waren als Menschen. Die Balance zwischen Automa\u00adti\u00adsierung und mensch\u00adlicher \u00dcberwa\u00adchung liegt in der mensch\u00adlichen F\u00e4higkeit zur Empathie und Feinf\u00fch\u00adligkeit sowie der F\u00e4higkeit von Maschinen zur pr\u00e4zisen Daten\u00adanalyse. Zuk\u00fcnftig k\u00f6nnte das Pflege\u00adper\u00adsonal eine bedeu\u00adtendere Rolle spielen, da ihre zwischen\u00admensch\u00adlichen F\u00e4hig\u00adkeiten entscheidend sind, w\u00e4hrend Maschinen in analy\u00adti\u00adschen Bereichen unter\u00adst\u00fctzen k\u00f6nnten. Es ist absehbar, dass die Kranken\u00adpfle\u00adgerin oder der Kranken\u00adpfleger dereinst ein h\u00f6heres Sal\u00e4r beziehen wird als die die \u00c4rztin oder der Arzt, die oder der aufgrund von Daten eine Diagnose stellt, etwas, worin Maschinen dem Menschen \u00fcberlegen sind.<\/p>\n\n\n\n<h3 class=\"wp-block-heading\">Wie realis\u00adtisch ist die Vorstellung, dass KI-Systeme eine eigene Intel\u00adligenz entwi\u00adckeln k\u00f6nnten, und welche Folgen h\u00e4tte&nbsp;dies?<\/h3>\n\n\n\n<p>Die Idee, dass KI-Systeme eine eigen\u00adst\u00e4ndige Intel\u00adligenz entwi\u00adckeln k\u00f6nnten, erscheint nicht realis\u00adtisch. Es ist wichtig, den Fokus auf die gegen\u00adw\u00e4r\u00adtigen M\u00f6glich\u00adkeiten und Ziele der <span class=\"caps\">KI<\/span> zu legen, die nicht unbedingt auf eine autonome Intel\u00adligenz abzielen. Auch ein Bagger ist st\u00e4rker als ein Mensch und wir m\u00fcssten uns f\u00fcrchten, w\u00fcrden Bagger eigen\u00adst\u00e4ndige Entschei\u00addungen treffen. Diese Autonomie ist auch im Bereich der <span class=\"caps\">KI<\/span> nicht vorge\u00adsehen und w\u00e4re auch unklug.<\/p>\n\n\n\n<h3 class=\"wp-block-heading\">Wie k\u00f6nnen Regie\u00adrungen und Unter\u00adnehmen sicher\u00adstellen, dass KI-Techno\u00adlogien verant\u00adwor\u00adtungsvoll entwi\u00adckelt und einge\u00adsetzt werden?<\/h3>\n\n\n\n<p>Das ist eine komplexe Frage. Wenn es um den Einsatz von Werkzeugen geht, ist es schwierig, deren Nutzung auf eine spezi\u00adfische Art zu beschr\u00e4nken. Obwohl man Verbote oder Regulie\u00adrungen einf\u00fchren kann, um einen bestimmten Gebrauch zu verhindern, bleibt das Werkzeug an sich neutral. Es h\u00e4ngt stark von der Person ab, die es verwendet. Solange es keine umfas\u00adsenden Regulie\u00adrungen oder klare Richt\u00adlinien gibt, bleibt das Risiko bestehen, dass Werkzeuge weniger verant\u00adwor\u00adtungs\u00adbe\u00adwusst einge\u00adsetzt werden.<\/p>\n\n\n\n<p>In Bezug auf Regulie\u00adrungen bei KI-Techno\u00adlogien k\u00f6nnten klare Leitplanken dazu beitragen, den verant\u00adwor\u00adtungs\u00advollen Einsatz zu f\u00f6rdern. Aller\u00addings ist es wichtig, ein ausge\u00adwo\u00adgenes Gleich\u00adge\u00adwicht zu finden, damit Innovation und Forschung nicht behindert werden. Regulie\u00adrungen sollten so gestaltet sein, dass sie eine verant\u00adwor\u00adtungs\u00advolle Entwicklung und Nutzung f\u00f6rdern, ohne die Dynamik der Weiter\u00adent\u00adwicklung einzu\u00adschr\u00e4nken. Weiter bin ich \u00fcberzeugt, dass es wichtig ist, wer <span class=\"caps\">KI<\/span> entwi\u00adckelt: Gelingt ein Durch\u00adbruch einem autokra\u00adti\u00adschen Regime oder einer grossen Techfirma, dann ist der verant\u00adwor\u00adtungs\u00adbe\u00adwusste Einsatz viel fraglicher, als wenn dies einer Organi\u00adsation gelingt, welche das Wohl des Menschen im Fokus&nbsp;hat.<\/p>\n\n\n\n<h3 class=\"wp-block-heading\">Was w\u00fcrden Sie Personen empfehlen, die besorgt \u00fcber die Auswir\u00adkungen von <span class=\"caps\">KI<\/span> auf unsere Gesell\u00adschaft sind?<\/h3>\n\n\n\n<p>Ich w\u00fcrde diesen Personen empfehlen, sich aktiv mit dem Thema <span class=\"caps\">KI<\/span> ausein\u00adan\u00adder\u00adzu\u00adsetzen. Ein erster Schritt k\u00f6nnte sein, ein Labor f\u00fcr k\u00fcnst\u00adliche Intel\u00adligenz zu besuchen und dort den direkten Dialog mit Exper\u00adtinnen und Experten zu suchen. Es ist wichtig, sich nicht nur auf Social-Media-Platt\u00adformen wie Facebook oder Instagram zu infor\u00admieren, da dort oft einseitige, wenig diffe\u00adren\u00adzierte und meist unwahre Infor\u00adma\u00adtionen kursieren. Statt\u00addessen empfehle ich, den direkten Dialog mit relevanten Insti\u00adtu\u00adtionen in der Schweiz zu suchen, die im Bereich der k\u00fcnst\u00adlichen Intel\u00adligenz aktiv sind. Beispiels\u00adweise sind die <a href=\"https:\/\/www.mindfire.global\/\">Mindfire Stiftung<\/a> sowie verschiedene Labore wie das <a href=\"https:\/\/liapc24.epfl.ch\/\"><span class=\"caps\">EPFL<\/span> <span class=\"caps\">AI<\/span> Lab<\/a>, das <a href=\"https:\/\/ai.ethz.ch\/\"><span class=\"caps\">ETH<\/span> <span class=\"caps\">AI<\/span> Lab<\/a>, das <a href=\"https:\/\/www.zhaw.ch\/de\/engineering\/institute-zentren\/cai\/\"><span class=\"caps\">ZHAW<\/span> <span class=\"caps\">AI<\/span> Centre<\/a> oder auch das <a href=\"https:\/\/lab42.global\/\">Lab 42<\/a> in Davos gute Anlauf\u00adstellen. Das Abonnieren von Newslettern kann ebenfalls hilfreich sein. Durch diesen direkten Kontakt zu renom\u00admierten Einrich\u00adtungen und Exper\u00adtinnen und Experten k\u00f6nnen Bedenken abgebaut und das Interesse sowie Verst\u00e4ndnis f\u00fcr dieses faszi\u00adnie\u00adrende und zukunfts\u00adbe\u00adstim\u00admende Thema enorm gesteigert werden.<\/p>\n\n\n\n<p><\/p>\n\n\n\n<p>Bei Fragen stehen&nbsp;<a href=\"https:\/\/www.rahnbodmer.ch\/de\/ansprechpersonen\/kundenberater-innen\">wir<\/a>&nbsp;Ihnen gerne zur Verf\u00fcgung.<\/p>\n\n\n\n<p>notablog@rahnbodmer.ch<\/p>\n","protected":false},"excerpt":{"rendered":"<p>Wir disku\u00adtieren mit einem Experten die Rolle der <span class=\"caps\">KI<\/span> bei der Umgestaltung unserer Gesellschaft.&nbsp;<\/p>\n","protected":false},"author":87,"featured_media":6505,"comment_status":"closed","ping_status":"closed","sticky":false,"template":"","format":"standard","meta":{"wp_typography_post_enhancements_disabled":false,"_ef_editorial_meta_date_first-draft-date":"","_ef_editorial_meta_paragraph_assignment":"","_ef_editorial_meta_checkbox_needs-photo":"","_ef_editorial_meta_number_word-count":"","footnotes":""},"categories":[43],"tags":[],"class_list":["post-6490","post","type-post","status-publish","format-standard","has-post-thumbnail","hentry","category-gastbeitrag","clearfix"],"yoast_head":"<!-- This site is optimized with the Yoast SEO plugin v27.1.1 - https:\/\/yoast.com\/product\/yoast-seo-wordpress\/ -->\n<title>Die KI-Revolution: Einblick in die Zukunft von Arbeit, Ethik und kreativem Schaffen - Nota Blog<\/title>\n<meta name=\"description\" content=\"Wie beeinflusst die k\u00fcnstliche Intelligenz die Umgestaltung unserer Gesellschaft? Interview mit dem Neurowissenschaftler Pascal Kaufmann.\" \/>\n<meta name=\"robots\" content=\"index, follow, max-snippet:-1, max-image-preview:large, max-video-preview:-1\" \/>\n<link rel=\"canonical\" href=\"https:\/\/www.rahnbodmer.ch\/notablog\/2023\/12\/die-ki-revolution-einblick-in-die-zukunft-von-arbeit-ethik-und-kreativem-schaffen\/\" \/>\n<meta property=\"og:locale\" content=\"de_DE\" \/>\n<meta property=\"og:type\" content=\"article\" \/>\n<meta property=\"og:title\" content=\"Die KI-Revolution: Einblick in die Zukunft von Arbeit, Ethik und kreativem Schaffen\" \/>\n<meta property=\"og:description\" content=\"Wie beeinflusst die k\u00fcnstliche Intelligenz die Umgestaltung unserer Gesellschaft? Interview mit dem Neurowissenschaftler Pascal Kaufmann.\" \/>\n<meta property=\"og:url\" content=\"https:\/\/www.rahnbodmer.ch\/notablog\/2023\/12\/die-ki-revolution-einblick-in-die-zukunft-von-arbeit-ethik-und-kreativem-schaffen\/\" \/>\n<meta property=\"og:site_name\" content=\"Nota Blog\" \/>\n<meta property=\"article:published_time\" content=\"2023-12-13T06:00:00+00:00\" \/>\n<meta property=\"article:modified_time\" content=\"2023-12-14T12:22:23+00:00\" \/>\n<meta property=\"og:image\" content=\"https:\/\/www.rahnbodmer.ch\/notablog\/wp-content\/uploads\/2023\/12\/P-Kaufmann-1024x682.png\" \/>\n\t<meta property=\"og:image:width\" content=\"1024\" \/>\n\t<meta property=\"og:image:height\" content=\"682\" \/>\n\t<meta property=\"og:image:type\" content=\"image\/png\" \/>\n<meta name=\"author\" content=\"Rahn+Bodmer Co.\" \/>\n<meta name=\"twitter:card\" content=\"summary_large_image\" \/>\n<meta name=\"twitter:label1\" content=\"Geschrieben von\" \/>\n\t<meta name=\"twitter:data1\" content=\"Rahn+Bodmer Co.\" \/>\n\t<meta name=\"twitter:label2\" content=\"Gesch\u00e4tzte Lesezeit\" \/>\n\t<meta name=\"twitter:data2\" content=\"8\u00a0Minuten\" \/>\n<script type=\"application\/ld+json\" class=\"yoast-schema-graph\">{\"@context\":\"https:\/\/schema.org\",\"@graph\":[{\"@type\":\"Article\",\"@id\":\"https:\/\/www.rahnbodmer.ch\/notablog\/2023\/12\/die-ki-revolution-einblick-in-die-zukunft-von-arbeit-ethik-und-kreativem-schaffen\/#article\",\"isPartOf\":{\"@id\":\"https:\/\/www.rahnbodmer.ch\/notablog\/2023\/12\/die-ki-revolution-einblick-in-die-zukunft-von-arbeit-ethik-und-kreativem-schaffen\/\"},\"author\":{\"name\":\"Rahn+Bodmer Co.\",\"@id\":\"https:\/\/www.rahnbodmer.ch\/notablog\/#\/schema\/person\/f03811d36cb77bcc46cc8c672d653e6b\"},\"headline\":\"Die KI-Revolution: Einblick in die Zukunft von Arbeit, Ethik und kreativem Schaffen\",\"datePublished\":\"2023-12-13T06:00:00+00:00\",\"dateModified\":\"2023-12-14T12:22:23+00:00\",\"mainEntityOfPage\":{\"@id\":\"https:\/\/www.rahnbodmer.ch\/notablog\/2023\/12\/die-ki-revolution-einblick-in-die-zukunft-von-arbeit-ethik-und-kreativem-schaffen\/\"},\"wordCount\":1429,\"image\":{\"@id\":\"https:\/\/www.rahnbodmer.ch\/notablog\/2023\/12\/die-ki-revolution-einblick-in-die-zukunft-von-arbeit-ethik-und-kreativem-schaffen\/#primaryimage\"},\"thumbnailUrl\":\"https:\/\/www.rahnbodmer.ch\/notablog\/wp-content\/uploads\/2023\/12\/P-Kaufmann.png\",\"articleSection\":[\"Gastbeitrag\"],\"inLanguage\":\"de-CH\"},{\"@type\":\"WebPage\",\"@id\":\"https:\/\/www.rahnbodmer.ch\/notablog\/2023\/12\/die-ki-revolution-einblick-in-die-zukunft-von-arbeit-ethik-und-kreativem-schaffen\/\",\"url\":\"https:\/\/www.rahnbodmer.ch\/notablog\/2023\/12\/die-ki-revolution-einblick-in-die-zukunft-von-arbeit-ethik-und-kreativem-schaffen\/\",\"name\":\"Die KI-Revolution: Einblick in die Zukunft von Arbeit, Ethik und kreativem Schaffen - Nota Blog\",\"isPartOf\":{\"@id\":\"https:\/\/www.rahnbodmer.ch\/notablog\/#website\"},\"primaryImageOfPage\":{\"@id\":\"https:\/\/www.rahnbodmer.ch\/notablog\/2023\/12\/die-ki-revolution-einblick-in-die-zukunft-von-arbeit-ethik-und-kreativem-schaffen\/#primaryimage\"},\"image\":{\"@id\":\"https:\/\/www.rahnbodmer.ch\/notablog\/2023\/12\/die-ki-revolution-einblick-in-die-zukunft-von-arbeit-ethik-und-kreativem-schaffen\/#primaryimage\"},\"thumbnailUrl\":\"https:\/\/www.rahnbodmer.ch\/notablog\/wp-content\/uploads\/2023\/12\/P-Kaufmann.png\",\"datePublished\":\"2023-12-13T06:00:00+00:00\",\"dateModified\":\"2023-12-14T12:22:23+00:00\",\"author\":{\"@id\":\"https:\/\/www.rahnbodmer.ch\/notablog\/#\/schema\/person\/f03811d36cb77bcc46cc8c672d653e6b\"},\"description\":\"Wie beeinflusst die k\u00fcnstliche Intelligenz die Umgestaltung unserer Gesellschaft? Interview mit dem Neurowissenschaftler Pascal Kaufmann.\",\"breadcrumb\":{\"@id\":\"https:\/\/www.rahnbodmer.ch\/notablog\/2023\/12\/die-ki-revolution-einblick-in-die-zukunft-von-arbeit-ethik-und-kreativem-schaffen\/#breadcrumb\"},\"inLanguage\":\"de-CH\",\"potentialAction\":[{\"@type\":\"ReadAction\",\"target\":[\"https:\/\/www.rahnbodmer.ch\/notablog\/2023\/12\/die-ki-revolution-einblick-in-die-zukunft-von-arbeit-ethik-und-kreativem-schaffen\/\"]}]},{\"@type\":\"ImageObject\",\"inLanguage\":\"de-CH\",\"@id\":\"https:\/\/www.rahnbodmer.ch\/notablog\/2023\/12\/die-ki-revolution-einblick-in-die-zukunft-von-arbeit-ethik-und-kreativem-schaffen\/#primaryimage\",\"url\":\"https:\/\/www.rahnbodmer.ch\/notablog\/wp-content\/uploads\/2023\/12\/P-Kaufmann.png\",\"contentUrl\":\"https:\/\/www.rahnbodmer.ch\/notablog\/wp-content\/uploads\/2023\/12\/P-Kaufmann.png\",\"width\":1732,\"height\":1154,\"caption\":\"Der Neurowisschenschaftler Pascal Kaufmann \u00fcber die Herausforderungen der k\u00fcnstlichen Intelligenz.\"},{\"@type\":\"BreadcrumbList\",\"@id\":\"https:\/\/www.rahnbodmer.ch\/notablog\/2023\/12\/die-ki-revolution-einblick-in-die-zukunft-von-arbeit-ethik-und-kreativem-schaffen\/#breadcrumb\",\"itemListElement\":[{\"@type\":\"ListItem\",\"position\":1,\"name\":\"Home\",\"item\":\"https:\/\/www.rahnbodmer.ch\/notablog\/\"},{\"@type\":\"ListItem\",\"position\":2,\"name\":\"Die KI-Revolution: Einblick in die Zukunft von Arbeit, Ethik und kreativem Schaffen\"}]},{\"@type\":\"WebSite\",\"@id\":\"https:\/\/www.rahnbodmer.ch\/notablog\/#website\",\"url\":\"https:\/\/www.rahnbodmer.ch\/notablog\/\",\"name\":\"Nota Blog\",\"description\":\"Das Web-Magazin von Rahn+Bodmer Co.\",\"potentialAction\":[{\"@type\":\"SearchAction\",\"target\":{\"@type\":\"EntryPoint\",\"urlTemplate\":\"https:\/\/www.rahnbodmer.ch\/notablog\/?s={search_term_string}\"},\"query-input\":{\"@type\":\"PropertyValueSpecification\",\"valueRequired\":true,\"valueName\":\"search_term_string\"}}],\"inLanguage\":\"de-CH\"},{\"@type\":\"Person\",\"@id\":\"https:\/\/www.rahnbodmer.ch\/notablog\/#\/schema\/person\/f03811d36cb77bcc46cc8c672d653e6b\",\"name\":\"Rahn+Bodmer Co.\",\"image\":{\"@type\":\"ImageObject\",\"inLanguage\":\"de-CH\",\"@id\":\"https:\/\/www.rahnbodmer.ch\/notablog\/#\/schema\/person\/image\/\",\"url\":\"https:\/\/www.rahnbodmer.ch\/notablog\/wp-content\/plugins\/wp-user-avatar\/deprecated\/wp-user-avatar\/images\/wpua-96x96.png\",\"contentUrl\":\"https:\/\/www.rahnbodmer.ch\/notablog\/wp-content\/plugins\/wp-user-avatar\/deprecated\/wp-user-avatar\/images\/wpua-96x96.png\",\"caption\":\"Rahn+Bodmer Co.\"},\"url\":\"https:\/\/www.rahnbodmer.ch\/notablog\/author\/rahnbodmer\/\"}]}<\/script>\n<!-- \/ Yoast SEO plugin. -->","yoast_head_json":{"title":"Die KI-Revolution: Einblick in die Zukunft von Arbeit, Ethik und kreativem Schaffen - Nota Blog","description":"Wie beeinflusst die k\u00fcnstliche Intelligenz die Umgestaltung unserer Gesellschaft? Interview mit dem Neurowissenschaftler Pascal Kaufmann.","robots":{"index":"index","follow":"follow","max-snippet":"max-snippet:-1","max-image-preview":"max-image-preview:large","max-video-preview":"max-video-preview:-1"},"canonical":"https:\/\/www.rahnbodmer.ch\/notablog\/2023\/12\/die-ki-revolution-einblick-in-die-zukunft-von-arbeit-ethik-und-kreativem-schaffen\/","og_locale":"de_DE","og_type":"article","og_title":"Die KI-Revolution: Einblick in die Zukunft von Arbeit, Ethik und kreativem Schaffen","og_description":"Wie beeinflusst die k\u00fcnstliche Intelligenz die Umgestaltung unserer Gesellschaft? Interview mit dem Neurowissenschaftler Pascal Kaufmann.","og_url":"https:\/\/www.rahnbodmer.ch\/notablog\/2023\/12\/die-ki-revolution-einblick-in-die-zukunft-von-arbeit-ethik-und-kreativem-schaffen\/","og_site_name":"Nota Blog","article_published_time":"2023-12-13T06:00:00+00:00","article_modified_time":"2023-12-14T12:22:23+00:00","og_image":[{"width":1024,"height":682,"url":"https:\/\/www.rahnbodmer.ch\/notablog\/wp-content\/uploads\/2023\/12\/P-Kaufmann-1024x682.png","type":"image\/png"}],"author":"Rahn+Bodmer Co.","twitter_card":"summary_large_image","twitter_misc":{"Geschrieben von":"Rahn+Bodmer Co.","Gesch\u00e4tzte Lesezeit":"8\u00a0Minuten"},"schema":{"@context":"https:\/\/schema.org","@graph":[{"@type":"Article","@id":"https:\/\/www.rahnbodmer.ch\/notablog\/2023\/12\/die-ki-revolution-einblick-in-die-zukunft-von-arbeit-ethik-und-kreativem-schaffen\/#article","isPartOf":{"@id":"https:\/\/www.rahnbodmer.ch\/notablog\/2023\/12\/die-ki-revolution-einblick-in-die-zukunft-von-arbeit-ethik-und-kreativem-schaffen\/"},"author":{"name":"Rahn+Bodmer Co.","@id":"https:\/\/www.rahnbodmer.ch\/notablog\/#\/schema\/person\/f03811d36cb77bcc46cc8c672d653e6b"},"headline":"Die KI-Revolution: Einblick in die Zukunft von Arbeit, Ethik und kreativem Schaffen","datePublished":"2023-12-13T06:00:00+00:00","dateModified":"2023-12-14T12:22:23+00:00","mainEntityOfPage":{"@id":"https:\/\/www.rahnbodmer.ch\/notablog\/2023\/12\/die-ki-revolution-einblick-in-die-zukunft-von-arbeit-ethik-und-kreativem-schaffen\/"},"wordCount":1429,"image":{"@id":"https:\/\/www.rahnbodmer.ch\/notablog\/2023\/12\/die-ki-revolution-einblick-in-die-zukunft-von-arbeit-ethik-und-kreativem-schaffen\/#primaryimage"},"thumbnailUrl":"https:\/\/www.rahnbodmer.ch\/notablog\/wp-content\/uploads\/2023\/12\/P-Kaufmann.png","articleSection":["Gastbeitrag"],"inLanguage":"de-CH"},{"@type":"WebPage","@id":"https:\/\/www.rahnbodmer.ch\/notablog\/2023\/12\/die-ki-revolution-einblick-in-die-zukunft-von-arbeit-ethik-und-kreativem-schaffen\/","url":"https:\/\/www.rahnbodmer.ch\/notablog\/2023\/12\/die-ki-revolution-einblick-in-die-zukunft-von-arbeit-ethik-und-kreativem-schaffen\/","name":"Die KI-Revolution: Einblick in die Zukunft von Arbeit, Ethik und kreativem Schaffen - Nota Blog","isPartOf":{"@id":"https:\/\/www.rahnbodmer.ch\/notablog\/#website"},"primaryImageOfPage":{"@id":"https:\/\/www.rahnbodmer.ch\/notablog\/2023\/12\/die-ki-revolution-einblick-in-die-zukunft-von-arbeit-ethik-und-kreativem-schaffen\/#primaryimage"},"image":{"@id":"https:\/\/www.rahnbodmer.ch\/notablog\/2023\/12\/die-ki-revolution-einblick-in-die-zukunft-von-arbeit-ethik-und-kreativem-schaffen\/#primaryimage"},"thumbnailUrl":"https:\/\/www.rahnbodmer.ch\/notablog\/wp-content\/uploads\/2023\/12\/P-Kaufmann.png","datePublished":"2023-12-13T06:00:00+00:00","dateModified":"2023-12-14T12:22:23+00:00","author":{"@id":"https:\/\/www.rahnbodmer.ch\/notablog\/#\/schema\/person\/f03811d36cb77bcc46cc8c672d653e6b"},"description":"Wie beeinflusst die k\u00fcnstliche Intelligenz die Umgestaltung unserer Gesellschaft? Interview mit dem Neurowissenschaftler Pascal Kaufmann.","breadcrumb":{"@id":"https:\/\/www.rahnbodmer.ch\/notablog\/2023\/12\/die-ki-revolution-einblick-in-die-zukunft-von-arbeit-ethik-und-kreativem-schaffen\/#breadcrumb"},"inLanguage":"de-CH","potentialAction":[{"@type":"ReadAction","target":["https:\/\/www.rahnbodmer.ch\/notablog\/2023\/12\/die-ki-revolution-einblick-in-die-zukunft-von-arbeit-ethik-und-kreativem-schaffen\/"]}]},{"@type":"ImageObject","inLanguage":"de-CH","@id":"https:\/\/www.rahnbodmer.ch\/notablog\/2023\/12\/die-ki-revolution-einblick-in-die-zukunft-von-arbeit-ethik-und-kreativem-schaffen\/#primaryimage","url":"https:\/\/www.rahnbodmer.ch\/notablog\/wp-content\/uploads\/2023\/12\/P-Kaufmann.png","contentUrl":"https:\/\/www.rahnbodmer.ch\/notablog\/wp-content\/uploads\/2023\/12\/P-Kaufmann.png","width":1732,"height":1154,"caption":"Der Neurowisschenschaftler Pascal Kaufmann \u00fcber die Herausforderungen der k\u00fcnstlichen Intelligenz."},{"@type":"BreadcrumbList","@id":"https:\/\/www.rahnbodmer.ch\/notablog\/2023\/12\/die-ki-revolution-einblick-in-die-zukunft-von-arbeit-ethik-und-kreativem-schaffen\/#breadcrumb","itemListElement":[{"@type":"ListItem","position":1,"name":"Home","item":"https:\/\/www.rahnbodmer.ch\/notablog\/"},{"@type":"ListItem","position":2,"name":"Die KI-Revolution: Einblick in die Zukunft von Arbeit, Ethik und kreativem Schaffen"}]},{"@type":"WebSite","@id":"https:\/\/www.rahnbodmer.ch\/notablog\/#website","url":"https:\/\/www.rahnbodmer.ch\/notablog\/","name":"Nota Blog","description":"Das Web-Magazin von Rahn+Bodmer Co.","potentialAction":[{"@type":"SearchAction","target":{"@type":"EntryPoint","urlTemplate":"https:\/\/www.rahnbodmer.ch\/notablog\/?s={search_term_string}"},"query-input":{"@type":"PropertyValueSpecification","valueRequired":true,"valueName":"search_term_string"}}],"inLanguage":"de-CH"},{"@type":"Person","@id":"https:\/\/www.rahnbodmer.ch\/notablog\/#\/schema\/person\/f03811d36cb77bcc46cc8c672d653e6b","name":"Rahn+Bodmer Co.","image":{"@type":"ImageObject","inLanguage":"de-CH","@id":"https:\/\/www.rahnbodmer.ch\/notablog\/#\/schema\/person\/image\/","url":"https:\/\/www.rahnbodmer.ch\/notablog\/wp-content\/plugins\/wp-user-avatar\/deprecated\/wp-user-avatar\/images\/wpua-96x96.png","contentUrl":"https:\/\/www.rahnbodmer.ch\/notablog\/wp-content\/plugins\/wp-user-avatar\/deprecated\/wp-user-avatar\/images\/wpua-96x96.png","caption":"Rahn+Bodmer Co."},"url":"https:\/\/www.rahnbodmer.ch\/notablog\/author\/rahnbodmer\/"}]}},"_links":{"self":[{"href":"https:\/\/www.rahnbodmer.ch\/notablog\/wp-json\/wp\/v2\/posts\/6490","targetHints":{"allow":["GET"]}}],"collection":[{"href":"https:\/\/www.rahnbodmer.ch\/notablog\/wp-json\/wp\/v2\/posts"}],"about":[{"href":"https:\/\/www.rahnbodmer.ch\/notablog\/wp-json\/wp\/v2\/types\/post"}],"author":[{"embeddable":true,"href":"https:\/\/www.rahnbodmer.ch\/notablog\/wp-json\/wp\/v2\/users\/87"}],"replies":[{"embeddable":true,"href":"https:\/\/www.rahnbodmer.ch\/notablog\/wp-json\/wp\/v2\/comments?post=6490"}],"version-history":[{"count":11,"href":"https:\/\/www.rahnbodmer.ch\/notablog\/wp-json\/wp\/v2\/posts\/6490\/revisions"}],"predecessor-version":[{"id":6514,"href":"https:\/\/www.rahnbodmer.ch\/notablog\/wp-json\/wp\/v2\/posts\/6490\/revisions\/6514"}],"wp:featuredmedia":[{"embeddable":true,"href":"https:\/\/www.rahnbodmer.ch\/notablog\/wp-json\/wp\/v2\/media\/6505"}],"wp:attachment":[{"href":"https:\/\/www.rahnbodmer.ch\/notablog\/wp-json\/wp\/v2\/media?parent=6490"}],"wp:term":[{"taxonomy":"category","embeddable":true,"href":"https:\/\/www.rahnbodmer.ch\/notablog\/wp-json\/wp\/v2\/categories?post=6490"},{"taxonomy":"post_tag","embeddable":true,"href":"https:\/\/www.rahnbodmer.ch\/notablog\/wp-json\/wp\/v2\/tags?post=6490"}],"curies":[{"name":"wp","href":"https:\/\/api.w.org\/{rel}","templated":true}]}}