{"id":5853,"date":"2023-02-08T07:00:00","date_gmt":"2023-02-08T06:00:00","guid":{"rendered":"https:\/\/www.rahnbodmer.ch\/notablog\/?p=5853"},"modified":"2023-02-07T11:00:34","modified_gmt":"2023-02-07T10:00:34","slug":"elena-sandera-auf-kurs","status":"publish","type":"post","link":"https:\/\/www.rahnbodmer.ch\/notablog\/2023\/02\/elena-sandera-auf-kurs\/","title":{"rendered":"Auf Kurs"},"content":{"rendered":"\n<h3 class=\"wp-block-heading\"><a href=\"https:\/\/elenasandera.com\/\">Elena Sandera<\/a> will die Schweiz in der jungen Trend\u00adsportart iQFoil-Class an der kommenden Sommer\u00adolym\u00adpiade 2024 vertreten. Rahn+Bodmer Co. unter\u00adst\u00fctzt und begleitet die Athletin auf ihrem Weg nach Paris. Im nachfol\u00adgenden Interview l\u00e4sst sie uns an ihrem Leben \u00abauf und am Wasser\u00bb teilhaben.<\/h3>\n\n\n\n<h3 class=\"wp-block-heading\">Elena, Du hattest letzte Woche deinen ersten Wettkampf dieses Jahres. Wie ist es gelaufen?<\/h3>\n\n\n\n<p>Das war sehr inter\u00adessant. Seit Beginn des Winter\u00adtrai\u00adnings fokus\u00adsiere ich mich vor allem auf den Start und den ersten Teil eines Rennens, um mich in dieser ersten Etappe eines Laufs richtig wohlzu\u00adf\u00fchlen. Im Wettkampf konnte ich mein Ziel umsetzen und meinen <a href=\"https:\/\/www.rahnbodmer.ch\/notablog\/2022\/06\/sommerolympiade-2024-in-paris\/\">angepeilten Top 20 Platz<\/a> gut halten. Die zweite H\u00e4lfte der Rennen bin ich jeweils nicht mehr voll oder gar nicht fertig gefahren, um Energie zu sparen. Die Platzierung war dementspre\u00adchend nicht sehr gut, aber mein spezi\u00adfi\u00adsches Ziel habe ich erreicht.<\/p>\n\n\n\n<h3 class=\"wp-block-heading\">Du hast erz\u00e4hlt, dass das ganze Feld jeweils sehr nahe beiein\u00adander liegt. Wie viele Sekunden R\u00fcckstand hattest du gegen\u00fcber einem Rang unter den Top 20, deinem erkl\u00e4rten Ziel f\u00fcr&nbsp;2023?<\/h3>\n\n\n\n<p>In der ersten H\u00e4lfte des Rennens war ich unter den Top 20, die besten waren nur rund 15\u201330 Sekunden schneller unterwegs. Am Schluss des Rennens betrug der Abstand zwischen 30 bis 60 Sekunden.<\/p>\n\n\n\n<h3 class=\"wp-block-heading\">Wie lange dauert beim iQ-Foiling ein Rennen?<\/h3>\n\n\n\n<p>Ein Kursrennen dauert 15 Minuten. Das mag nicht nach viel klingen, aber meistens haben wir f\u00fcnf bis sechs Rennen hinter\u00adein\u00adander mit jeweils ungef\u00e4hr f\u00fcnf Minuten Pause dazwi\u00adschen. Dabei steht man st\u00e4ndig auf dem Brett und h\u00e4lt das Segel und damit nat\u00fcrlich die Balance. Eine ganze Regatta geht meist \u00fcber 18 Rennen auf f\u00fcnf Tage verteilt.<\/p>\n\n\n\n<h3 class=\"wp-block-heading\">Das klingt sehr anstrengend.<\/h3>\n\n\n\n<p>Das ist es auch. Und deshalb kann man auch das Training ausserhalb des Wassers nicht vernach\u00adl\u00e4s\u00adsigen. Kraft- und Balance\u00adtraining sind enorm wichtig.<\/p>\n\n\n\n<figure class=\"wp-block-image size-full\"><img loading=\"lazy\" decoding=\"async\" width=\"936\" height=\"676\" src=\"https:\/\/www.rahnbodmer.ch\/notablog\/wp-content\/uploads\/2023\/02\/IMG_6280_1.jpg\" alt class=\"wp-image-5854\" srcset=\"https:\/\/www.rahnbodmer.ch\/notablog\/wp-content\/uploads\/2023\/02\/IMG_6280_1.jpg 936w, https:\/\/www.rahnbodmer.ch\/notablog\/wp-content\/uploads\/2023\/02\/IMG_6280_1-300x217.jpg 300w, https:\/\/www.rahnbodmer.ch\/notablog\/wp-content\/uploads\/2023\/02\/IMG_6280_1-768x555.jpg 768w, https:\/\/www.rahnbodmer.ch\/notablog\/wp-content\/uploads\/2023\/02\/IMG_6280_1-470x339.jpg 470w\" sizes=\"auto, (max-width: 936px) 100vw, 936px\"><\/figure>\n\n\n\n<h3 class=\"wp-block-heading\">Woran wirst du nun vor allem arbeiten?<\/h3>\n\n\n\n<p>Da ich nun den ersten Teil eines Rennens sehr verbessert habe, muss ich mein Training so anpassen, dass ich diese Anfangs\u00adpo\u00adsition bis zum Schluss halten kann. Mental war es f\u00fcr mich wichtig, wieder in einer grossen Gruppe zu segeln, um mich an das Chaos zu gew\u00f6hnen. Auch war es inter\u00adessant mein Ego zur Seite zu stellen und ein schlechtes Resultat f\u00fcr einen langfris\u00adtigen Erfolg in Kauf zu nehmen. Bez\u00fcglich mentaler St\u00e4rke arbeite ich mit meiner Mental\u00adtrai\u00adnerin zusammen, was sehr viel bringt. Meine Geschwin\u00addigkeit war sehr hoch, deshalb liegt der weitere Fortschritt wohl nicht an meiner Kraft oder am Gewicht, sondern eher an den kleinen techni\u00adschen F\u00e4higkeiten.&nbsp;<\/p>\n\n\n\n<h3 class=\"wp-block-heading\">Wie ist das mit dem Material? W\u00e4hlst du alles selber aus?<\/h3>\n\n\n\n<p>F\u00fcr Paris 2024 gibt es das offizielle Board mit einem definierten Masten, Segel und dem Foil. Die \u00abOne Design Regel\u00bb l\u00e4sst aber auch Spielraum. Der gr\u00f6sste davon ist bei den Foils zu finden. So bestelle ich immer mehrere Foils und teste diese. Dann passe ich das Foil zusammen mit meinem Coach an. Meist geht es um ganz kleine Ver\u00e4n\u00adde\u00adrungen, so zum Beispiel um die Anpassung des Winkels. Je h\u00e4rter ein Foil ist, desto schneller ist man unterwegs.<\/p>\n\n\n\n<h3 class=\"wp-block-heading\">Ist dein n\u00e4chstes grosses Ziel die Europa\u00admeis\u00adter\u00adschaft im Mai? Wo finden diese&nbsp;statt?<\/h3>\n\n\n\n<p>Ja, die Europa\u00admeis\u00adter\u00adschaft ist auf jeden Fall sehr wichtig. Sie findet in Griechenland, in Patras, statt. Ich freue mich sehr darauf, bis dahin werde ich noch drei weitere Regatten fahren, was mir viel Erfahrung einbringen wird.<\/p>\n\n\n\n<h3 class=\"wp-block-heading\">Wo wirst du die kommenden Monate trainieren?<\/h3>\n\n\n\n<p>Bis Ende Februar bin ich noch auf Lanzarote. Dann werden wir zwei Wochen in Cadiz trainieren, bevor wir das Training nach Palma de Mallorca verlegen. Anschliessend geht es zur Europa\u00admeis\u00adter\u00adschaft nach Griechenland.<\/p>\n\n\n\n<h3 class=\"wp-block-heading\">Vermisst du deine Familie in Z\u00fcrich?<\/h3>\n\n\n\n<p>Sehr! Dieses Jahr werde ich wohl nicht viel Zeit in der Schweiz verbringen. Auch meine Freunde zu Hause sehe ich nicht oft und es ist schwer, online in Kontakt zu bleiben. Wir sind alle entweder durch die Uni oder ich mit dem Training sehr besch\u00e4ftigt.<\/p>\n\n\n\n<h3 class=\"wp-block-heading\">Was gibt dir immer wieder Kraft, um weiterzumachen?<\/h3>\n\n\n\n<p>Die Liebe zum Sport! Ausserdem haben sich nun enge Freund\u00adschaften mit anderen Windsur\u00adfe\u00adrinnen und Windsurfern entwi\u00adckelt. Da wir alle lange von zu Hause weg sind, sind wir wie eine Familie. Wir leben und kochen zusammen und unter\u00adst\u00fctzen einander, wenn das Heimweh zu stark&nbsp;wird.<\/p>\n","protected":false},"excerpt":{"rendered":"<p>Mit Taktik, Ausdauer und mentaler St\u00e4rke zum&nbsp;Ziel.&nbsp;<\/p>\n","protected":false},"author":35,"featured_media":5851,"comment_status":"closed","ping_status":"closed","sticky":false,"template":"","format":"standard","meta":{"wp_typography_post_enhancements_disabled":false,"_ef_editorial_meta_date_first-draft-date":"","_ef_editorial_meta_paragraph_assignment":"","_ef_editorial_meta_checkbox_needs-photo":"","_ef_editorial_meta_number_word-count":"","footnotes":""},"categories":[32],"tags":[],"class_list":["post-5853","post","type-post","status-publish","format-standard","has-post-thumbnail","hentry","category-in-eigener-sache","clearfix"],"yoast_head":"<!-- This site is optimized with the Yoast SEO plugin v27.1.1 - https:\/\/yoast.com\/product\/yoast-seo-wordpress\/ -->\n<title>Auf Kurs - Nota Blog<\/title>\n<meta name=\"description\" content=\"Elena Sandera surft auf Kurs Richtung Sommerolympiade 2024 in Paris. Im Interview verr\u00e4t sie uns Details zu bisherigen Wettk\u00e4mpfen.\" \/>\n<meta name=\"robots\" content=\"index, follow, max-snippet:-1, max-image-preview:large, max-video-preview:-1\" \/>\n<link rel=\"canonical\" href=\"https:\/\/www.rahnbodmer.ch\/notablog\/2023\/02\/elena-sandera-auf-kurs\/\" \/>\n<meta property=\"og:locale\" content=\"de_DE\" \/>\n<meta property=\"og:type\" content=\"article\" \/>\n<meta property=\"og:title\" content=\"Auf Kurs\" \/>\n<meta property=\"og:description\" content=\"Elena Sandera surft auf Kurs Richtung Sommerolympiade 2024 in Paris. Im Interview verr\u00e4t sie uns Details zu bisherigen Wettk\u00e4mpfen.\" \/>\n<meta property=\"og:url\" content=\"https:\/\/www.rahnbodmer.ch\/notablog\/2023\/02\/elena-sandera-auf-kurs\/\" \/>\n<meta property=\"og:site_name\" content=\"Nota Blog\" \/>\n<meta property=\"article:published_time\" content=\"2023-02-08T06:00:00+00:00\" \/>\n<meta property=\"og:image\" content=\"https:\/\/www.rahnbodmer.ch\/notablog\/wp-content\/uploads\/2023\/02\/327724581_490824806338964_7614357140038959852_n.jpg\" \/>\n\t<meta property=\"og:image:width\" content=\"1400\" \/>\n\t<meta property=\"og:image:height\" content=\"933\" \/>\n\t<meta property=\"og:image:type\" content=\"image\/jpeg\" \/>\n<meta name=\"author\" content=\"Peter Rahn\" \/>\n<meta name=\"twitter:card\" content=\"summary_large_image\" \/>\n<meta name=\"twitter:title\" content=\"Auf Kurs\" \/>\n<meta name=\"twitter:description\" content=\"Elena Sandera surft auf Kurs Richtung Sommerolympiade 2024 in Paris. Im Interview verr\u00e4t sie uns Details zu bisherigen Wettk\u00e4mpfen.\" \/>\n<meta name=\"twitter:label1\" content=\"Geschrieben von\" \/>\n\t<meta name=\"twitter:data1\" content=\"Peter Rahn\" \/>\n\t<meta name=\"twitter:label2\" content=\"Gesch\u00e4tzte Lesezeit\" \/>\n\t<meta name=\"twitter:data2\" content=\"4\u00a0Minuten\" \/>\n<script type=\"application\/ld+json\" class=\"yoast-schema-graph\">{\"@context\":\"https:\/\/schema.org\",\"@graph\":[{\"@type\":\"Article\",\"@id\":\"https:\/\/www.rahnbodmer.ch\/notablog\/2023\/02\/elena-sandera-auf-kurs\/#article\",\"isPartOf\":{\"@id\":\"https:\/\/www.rahnbodmer.ch\/notablog\/2023\/02\/elena-sandera-auf-kurs\/\"},\"author\":{\"name\":\"Peter Rahn\",\"@id\":\"https:\/\/www.rahnbodmer.ch\/notablog\/#\/schema\/person\/678c87dd8e30ffc1f425b125f833a1e2\"},\"headline\":\"Auf Kurs\",\"datePublished\":\"2023-02-08T06:00:00+00:00\",\"mainEntityOfPage\":{\"@id\":\"https:\/\/www.rahnbodmer.ch\/notablog\/2023\/02\/elena-sandera-auf-kurs\/\"},\"wordCount\":707,\"image\":{\"@id\":\"https:\/\/www.rahnbodmer.ch\/notablog\/2023\/02\/elena-sandera-auf-kurs\/#primaryimage\"},\"thumbnailUrl\":\"https:\/\/www.rahnbodmer.ch\/notablog\/wp-content\/uploads\/2023\/02\/327724581_490824806338964_7614357140038959852_n.jpg\",\"articleSection\":[\"In eigener Sache\"],\"inLanguage\":\"de-CH\"},{\"@type\":\"WebPage\",\"@id\":\"https:\/\/www.rahnbodmer.ch\/notablog\/2023\/02\/elena-sandera-auf-kurs\/\",\"url\":\"https:\/\/www.rahnbodmer.ch\/notablog\/2023\/02\/elena-sandera-auf-kurs\/\",\"name\":\"Auf Kurs - Nota Blog\",\"isPartOf\":{\"@id\":\"https:\/\/www.rahnbodmer.ch\/notablog\/#website\"},\"primaryImageOfPage\":{\"@id\":\"https:\/\/www.rahnbodmer.ch\/notablog\/2023\/02\/elena-sandera-auf-kurs\/#primaryimage\"},\"image\":{\"@id\":\"https:\/\/www.rahnbodmer.ch\/notablog\/2023\/02\/elena-sandera-auf-kurs\/#primaryimage\"},\"thumbnailUrl\":\"https:\/\/www.rahnbodmer.ch\/notablog\/wp-content\/uploads\/2023\/02\/327724581_490824806338964_7614357140038959852_n.jpg\",\"datePublished\":\"2023-02-08T06:00:00+00:00\",\"author\":{\"@id\":\"https:\/\/www.rahnbodmer.ch\/notablog\/#\/schema\/person\/678c87dd8e30ffc1f425b125f833a1e2\"},\"description\":\"Elena Sandera surft auf Kurs Richtung Sommerolympiade 2024 in Paris. Im Interview verr\u00e4t sie uns Details zu bisherigen Wettk\u00e4mpfen.\",\"breadcrumb\":{\"@id\":\"https:\/\/www.rahnbodmer.ch\/notablog\/2023\/02\/elena-sandera-auf-kurs\/#breadcrumb\"},\"inLanguage\":\"de-CH\",\"potentialAction\":[{\"@type\":\"ReadAction\",\"target\":[\"https:\/\/www.rahnbodmer.ch\/notablog\/2023\/02\/elena-sandera-auf-kurs\/\"]}]},{\"@type\":\"ImageObject\",\"inLanguage\":\"de-CH\",\"@id\":\"https:\/\/www.rahnbodmer.ch\/notablog\/2023\/02\/elena-sandera-auf-kurs\/#primaryimage\",\"url\":\"https:\/\/www.rahnbodmer.ch\/notablog\/wp-content\/uploads\/2023\/02\/327724581_490824806338964_7614357140038959852_n.jpg\",\"contentUrl\":\"https:\/\/www.rahnbodmer.ch\/notablog\/wp-content\/uploads\/2023\/02\/327724581_490824806338964_7614357140038959852_n.jpg\",\"width\":1400,\"height\":933,\"caption\":\"iQfoil Games Lanzarote 2023. \u00a9 Sailing Energy 26 January, 2023\"},{\"@type\":\"BreadcrumbList\",\"@id\":\"https:\/\/www.rahnbodmer.ch\/notablog\/2023\/02\/elena-sandera-auf-kurs\/#breadcrumb\",\"itemListElement\":[{\"@type\":\"ListItem\",\"position\":1,\"name\":\"Home\",\"item\":\"https:\/\/www.rahnbodmer.ch\/notablog\/\"},{\"@type\":\"ListItem\",\"position\":2,\"name\":\"Auf Kurs\"}]},{\"@type\":\"WebSite\",\"@id\":\"https:\/\/www.rahnbodmer.ch\/notablog\/#website\",\"url\":\"https:\/\/www.rahnbodmer.ch\/notablog\/\",\"name\":\"Nota Blog\",\"description\":\"Das Web-Magazin von Rahn+Bodmer Co.\",\"potentialAction\":[{\"@type\":\"SearchAction\",\"target\":{\"@type\":\"EntryPoint\",\"urlTemplate\":\"https:\/\/www.rahnbodmer.ch\/notablog\/?s={search_term_string}\"},\"query-input\":{\"@type\":\"PropertyValueSpecification\",\"valueRequired\":true,\"valueName\":\"search_term_string\"}}],\"inLanguage\":\"de-CH\"},{\"@type\":\"Person\",\"@id\":\"https:\/\/www.rahnbodmer.ch\/notablog\/#\/schema\/person\/678c87dd8e30ffc1f425b125f833a1e2\",\"name\":\"Peter Rahn\",\"image\":{\"@type\":\"ImageObject\",\"inLanguage\":\"de-CH\",\"@id\":\"https:\/\/www.rahnbodmer.ch\/notablog\/#\/schema\/person\/image\/\",\"url\":\"https:\/\/www.rahnbodmer.ch\/notablog\/wp-content\/uploads\/2024\/07\/Blog-Peter-Rahn-150x150.jpg\",\"contentUrl\":\"https:\/\/www.rahnbodmer.ch\/notablog\/wp-content\/uploads\/2024\/07\/Blog-Peter-Rahn-150x150.jpg\",\"caption\":\"Peter Rahn\"},\"url\":\"https:\/\/www.rahnbodmer.ch\/notablog\/author\/peter-rahn\/\"}]}<\/script>\n<!-- \/ Yoast SEO plugin. -->","yoast_head_json":{"title":"Auf Kurs - Nota Blog","description":"Elena Sandera surft auf Kurs Richtung Sommerolympiade 2024 in Paris. Im Interview verr\u00e4t sie uns Details zu bisherigen Wettk\u00e4mpfen.","robots":{"index":"index","follow":"follow","max-snippet":"max-snippet:-1","max-image-preview":"max-image-preview:large","max-video-preview":"max-video-preview:-1"},"canonical":"https:\/\/www.rahnbodmer.ch\/notablog\/2023\/02\/elena-sandera-auf-kurs\/","og_locale":"de_DE","og_type":"article","og_title":"Auf Kurs","og_description":"Elena Sandera surft auf Kurs Richtung Sommerolympiade 2024 in Paris. Im Interview verr\u00e4t sie uns Details zu bisherigen Wettk\u00e4mpfen.","og_url":"https:\/\/www.rahnbodmer.ch\/notablog\/2023\/02\/elena-sandera-auf-kurs\/","og_site_name":"Nota Blog","article_published_time":"2023-02-08T06:00:00+00:00","og_image":[{"width":1400,"height":933,"url":"https:\/\/www.rahnbodmer.ch\/notablog\/wp-content\/uploads\/2023\/02\/327724581_490824806338964_7614357140038959852_n.jpg","type":"image\/jpeg"}],"author":"Peter Rahn","twitter_card":"summary_large_image","twitter_title":"Auf Kurs","twitter_description":"Elena Sandera surft auf Kurs Richtung Sommerolympiade 2024 in Paris. Im Interview verr\u00e4t sie uns Details zu bisherigen Wettk\u00e4mpfen.","twitter_misc":{"Geschrieben von":"Peter Rahn","Gesch\u00e4tzte Lesezeit":"4\u00a0Minuten"},"schema":{"@context":"https:\/\/schema.org","@graph":[{"@type":"Article","@id":"https:\/\/www.rahnbodmer.ch\/notablog\/2023\/02\/elena-sandera-auf-kurs\/#article","isPartOf":{"@id":"https:\/\/www.rahnbodmer.ch\/notablog\/2023\/02\/elena-sandera-auf-kurs\/"},"author":{"name":"Peter Rahn","@id":"https:\/\/www.rahnbodmer.ch\/notablog\/#\/schema\/person\/678c87dd8e30ffc1f425b125f833a1e2"},"headline":"Auf Kurs","datePublished":"2023-02-08T06:00:00+00:00","mainEntityOfPage":{"@id":"https:\/\/www.rahnbodmer.ch\/notablog\/2023\/02\/elena-sandera-auf-kurs\/"},"wordCount":707,"image":{"@id":"https:\/\/www.rahnbodmer.ch\/notablog\/2023\/02\/elena-sandera-auf-kurs\/#primaryimage"},"thumbnailUrl":"https:\/\/www.rahnbodmer.ch\/notablog\/wp-content\/uploads\/2023\/02\/327724581_490824806338964_7614357140038959852_n.jpg","articleSection":["In eigener Sache"],"inLanguage":"de-CH"},{"@type":"WebPage","@id":"https:\/\/www.rahnbodmer.ch\/notablog\/2023\/02\/elena-sandera-auf-kurs\/","url":"https:\/\/www.rahnbodmer.ch\/notablog\/2023\/02\/elena-sandera-auf-kurs\/","name":"Auf Kurs - Nota Blog","isPartOf":{"@id":"https:\/\/www.rahnbodmer.ch\/notablog\/#website"},"primaryImageOfPage":{"@id":"https:\/\/www.rahnbodmer.ch\/notablog\/2023\/02\/elena-sandera-auf-kurs\/#primaryimage"},"image":{"@id":"https:\/\/www.rahnbodmer.ch\/notablog\/2023\/02\/elena-sandera-auf-kurs\/#primaryimage"},"thumbnailUrl":"https:\/\/www.rahnbodmer.ch\/notablog\/wp-content\/uploads\/2023\/02\/327724581_490824806338964_7614357140038959852_n.jpg","datePublished":"2023-02-08T06:00:00+00:00","author":{"@id":"https:\/\/www.rahnbodmer.ch\/notablog\/#\/schema\/person\/678c87dd8e30ffc1f425b125f833a1e2"},"description":"Elena Sandera surft auf Kurs Richtung Sommerolympiade 2024 in Paris. Im Interview verr\u00e4t sie uns Details zu bisherigen Wettk\u00e4mpfen.","breadcrumb":{"@id":"https:\/\/www.rahnbodmer.ch\/notablog\/2023\/02\/elena-sandera-auf-kurs\/#breadcrumb"},"inLanguage":"de-CH","potentialAction":[{"@type":"ReadAction","target":["https:\/\/www.rahnbodmer.ch\/notablog\/2023\/02\/elena-sandera-auf-kurs\/"]}]},{"@type":"ImageObject","inLanguage":"de-CH","@id":"https:\/\/www.rahnbodmer.ch\/notablog\/2023\/02\/elena-sandera-auf-kurs\/#primaryimage","url":"https:\/\/www.rahnbodmer.ch\/notablog\/wp-content\/uploads\/2023\/02\/327724581_490824806338964_7614357140038959852_n.jpg","contentUrl":"https:\/\/www.rahnbodmer.ch\/notablog\/wp-content\/uploads\/2023\/02\/327724581_490824806338964_7614357140038959852_n.jpg","width":1400,"height":933,"caption":"iQfoil Games Lanzarote 2023. \u00a9 Sailing Energy 26 January, 2023"},{"@type":"BreadcrumbList","@id":"https:\/\/www.rahnbodmer.ch\/notablog\/2023\/02\/elena-sandera-auf-kurs\/#breadcrumb","itemListElement":[{"@type":"ListItem","position":1,"name":"Home","item":"https:\/\/www.rahnbodmer.ch\/notablog\/"},{"@type":"ListItem","position":2,"name":"Auf Kurs"}]},{"@type":"WebSite","@id":"https:\/\/www.rahnbodmer.ch\/notablog\/#website","url":"https:\/\/www.rahnbodmer.ch\/notablog\/","name":"Nota Blog","description":"Das Web-Magazin von Rahn+Bodmer Co.","potentialAction":[{"@type":"SearchAction","target":{"@type":"EntryPoint","urlTemplate":"https:\/\/www.rahnbodmer.ch\/notablog\/?s={search_term_string}"},"query-input":{"@type":"PropertyValueSpecification","valueRequired":true,"valueName":"search_term_string"}}],"inLanguage":"de-CH"},{"@type":"Person","@id":"https:\/\/www.rahnbodmer.ch\/notablog\/#\/schema\/person\/678c87dd8e30ffc1f425b125f833a1e2","name":"Peter Rahn","image":{"@type":"ImageObject","inLanguage":"de-CH","@id":"https:\/\/www.rahnbodmer.ch\/notablog\/#\/schema\/person\/image\/","url":"https:\/\/www.rahnbodmer.ch\/notablog\/wp-content\/uploads\/2024\/07\/Blog-Peter-Rahn-150x150.jpg","contentUrl":"https:\/\/www.rahnbodmer.ch\/notablog\/wp-content\/uploads\/2024\/07\/Blog-Peter-Rahn-150x150.jpg","caption":"Peter Rahn"},"url":"https:\/\/www.rahnbodmer.ch\/notablog\/author\/peter-rahn\/"}]}},"_links":{"self":[{"href":"https:\/\/www.rahnbodmer.ch\/notablog\/wp-json\/wp\/v2\/posts\/5853","targetHints":{"allow":["GET"]}}],"collection":[{"href":"https:\/\/www.rahnbodmer.ch\/notablog\/wp-json\/wp\/v2\/posts"}],"about":[{"href":"https:\/\/www.rahnbodmer.ch\/notablog\/wp-json\/wp\/v2\/types\/post"}],"author":[{"embeddable":true,"href":"https:\/\/www.rahnbodmer.ch\/notablog\/wp-json\/wp\/v2\/users\/35"}],"replies":[{"embeddable":true,"href":"https:\/\/www.rahnbodmer.ch\/notablog\/wp-json\/wp\/v2\/comments?post=5853"}],"version-history":[{"count":1,"href":"https:\/\/www.rahnbodmer.ch\/notablog\/wp-json\/wp\/v2\/posts\/5853\/revisions"}],"predecessor-version":[{"id":5855,"href":"https:\/\/www.rahnbodmer.ch\/notablog\/wp-json\/wp\/v2\/posts\/5853\/revisions\/5855"}],"wp:featuredmedia":[{"embeddable":true,"href":"https:\/\/www.rahnbodmer.ch\/notablog\/wp-json\/wp\/v2\/media\/5851"}],"wp:attachment":[{"href":"https:\/\/www.rahnbodmer.ch\/notablog\/wp-json\/wp\/v2\/media?parent=5853"}],"wp:term":[{"taxonomy":"category","embeddable":true,"href":"https:\/\/www.rahnbodmer.ch\/notablog\/wp-json\/wp\/v2\/categories?post=5853"},{"taxonomy":"post_tag","embeddable":true,"href":"https:\/\/www.rahnbodmer.ch\/notablog\/wp-json\/wp\/v2\/tags?post=5853"}],"curies":[{"name":"wp","href":"https:\/\/api.w.org\/{rel}","templated":true}]}}