{"id":5396,"date":"2022-04-13T07:00:10","date_gmt":"2022-04-13T05:00:10","guid":{"rendered":"https:\/\/www.rahnbodmer.ch\/notablog\/?p=5396"},"modified":"2023-11-22T11:08:52","modified_gmt":"2023-11-22T10:08:52","slug":"5396","status":"publish","type":"post","link":"https:\/\/www.rahnbodmer.ch\/notablog\/2022\/04\/5396\/","title":{"rendered":"Begabte Jugend\u00adliche f\u00f6rdern"},"content":{"rendered":"<h3>Stephan Hintermann ist Kunden\u00adbe\u00adrater bei Rahn+Bodmer Co. und engagiert sich als Stiftungsrat bei der Dr. Max Husmann-Stiftung. Im Interview erz\u00e4hlt er mehr \u00fcber sein soziales Engagement.<\/h3>\n<h3>Stephan Hintermann, weshalb engagieren Sie sich als Stiftungsrat bei der Dr. Max Husmann-Stiftung?<\/h3>\n<p>Philan\u00adthropie und Stiftungen sind bei Rahn+Bodmer Co. integraler Bestandteil der Unter\u00adneh\u00admens\u00adphi\u00adlo\u00adsophie und Kunden\u00adbe\u00adratung. Mit der aktiven Mitarbeit bei der Dr. Max Husmann-Stiftung lerne ich die Stiftungs\u00adarbeit im wahrsten Sinne des Wortes praktisch kennen. Ebenfalls \u00fcberzeugt mich der Stiftungs\u00adzweck: Dieser besteht darin, begabten Jugend\u00adlichen, die \u00fcber beschr\u00e4nkte finan\u00adzielle Ressourcen verf\u00fcgen, eine akade\u00admische oder k\u00fcnst\u00adle\u00adrische Erstaus\u00adbildung zu erm\u00f6g\u00adlichen. Deshalb musste ich nicht lange \u00fcberlegen, als ich f\u00fcr dieses Amt angefragt wurde.<\/p>\n<h3>Wie sieht Ihr Aufga\u00adben\u00adgebiet als Stiftungs\u00adrats\u00admit\u00adglied aus und wieviel Zeit inves\u00adtieren Sie in dieses Amt?<\/h3>\n<p>Die Aufgaben sind in verschiedene Ressorts aufge\u00adteilt. Ich bin Teil des Anlage\u00adaus\u00adschusses, welcher f\u00fcr die Verwaltung des Stiftungs\u00adver\u00adm\u00f6gens verant\u00adwortlich ist. Da es sich um eine F\u00f6rder\u00adstiftung handelt und wir keine Spenden entge\u00adgen\u00adnehmen, ist es wichtig, Ertr\u00e4ge f\u00fcr die Weitergabe von Stipendien zu erwirt\u00adschaften. Daneben f\u00fchre ich Inter\u00adviews mit Stipen\u00addiaten und treffe mich regel\u00adm\u00e4ssig zum Austausch mit den anderen Stiftungs\u00adrats\u00admit\u00adgliedern. Rahn+Bodmer Co. erm\u00f6g\u00adlicht mir den zeitlichen Freiraum f\u00fcr die Aus\u00fcbung dieses Mandates.<\/p>\n<h3>Was bedeutet es f\u00fcr Sie pers\u00f6nlich, als Stiftungsrat t\u00e4tig zu&nbsp;sein?<\/h3>\n<p>F\u00fcr mich ist es sehr berei\u00adchernd zu erleben, wie engagiert und motiviert die Stipen\u00addiaten sind. Die meisten haben neben dem Studium einen Nebenjob, das ist bei dem heutigen Zeitaufwand f\u00fcr ein Studium eine hohe Belastung. Die Stiftung erwartet auch, dass die Stipen\u00addiaten ihren Beitrag leisten. Und es ist beein\u00addru\u00adckend zu sehen, wie hart die Studen\u00adtinnen und Studenten arbeiten, um ihren Traum zu verwirk\u00adlichen. Wir erhalten oft Dankschreiben von ehema\u00adligen Studenten, die in der Berufswelt angekommen sind, das ber\u00fchrt mich jeweils sehr.<\/p>\n<h3>Mit welchen Heraus\u00adfor\u00adde\u00adrungen ist die Stiftung konfrontiert?<\/h3>\n<p>Aktuell besch\u00e4f\u00adtigen wir uns mit der Trans\u00adfor\u00admation in die neue digitale Welt. Dieses Thema ist ein Megatrend und macht auch vor Stiftungen nicht halt. Hier sind wir alle gefordert. Eine Stiftung muss sorgf\u00e4ltig abw\u00e4gen, welche Bereiche digita\u00adli\u00adsiert werden k\u00f6nnen und wo der pers\u00f6n\u00adliche Kontakt unersetzlich ist. Eine Frage, die auch bei uns in der Bank von grosser Relevanz ist.<\/p>\n<p>&nbsp;<\/p>\n<p>&nbsp;<\/p>\n<p>&nbsp;<\/p>\n<p>&nbsp;<\/p>\n<p>&nbsp;<\/p>\n<p>&nbsp;<\/p>\n<p>&nbsp;<\/p>\n<p>&nbsp;<\/p>\n","protected":false},"excerpt":{"rendered":"<p>Eine akade\u00admische oder k\u00fcnst\u00adle\u00adrische Erstaus\u00adbildung darf nicht an den Finanzen scheitern.&nbsp;<\/p>\n","protected":false},"author":87,"featured_media":6467,"comment_status":"closed","ping_status":"closed","sticky":false,"template":"","format":"standard","meta":{"wp_typography_post_enhancements_disabled":false,"_ef_editorial_meta_date_first-draft-date":"","_ef_editorial_meta_paragraph_assignment":"","_ef_editorial_meta_checkbox_needs-photo":"","_ef_editorial_meta_number_word-count":"","footnotes":""},"categories":[32],"tags":[],"class_list":["post-5396","post","type-post","status-publish","format-standard","has-post-thumbnail","hentry","category-in-eigener-sache","clearfix"],"yoast_head":"<!-- This site is optimized with the Yoast SEO plugin v27.1.1 - https:\/\/yoast.com\/product\/yoast-seo-wordpress\/ -->\n<title>Begabte Jugendliche f\u00f6rdern - Nota Blog<\/title>\n<meta name=\"description\" content=\"Stiftungsrat und Kundenberater Stephan Hintermann erz\u00e4hlt im Interview, wie die Dr. Max Husmann-Stiftung begabten Jugendlichen eine Ausbildung erm\u00f6glicht.\" \/>\n<meta name=\"robots\" content=\"index, follow, max-snippet:-1, max-image-preview:large, max-video-preview:-1\" \/>\n<link rel=\"canonical\" href=\"https:\/\/www.rahnbodmer.ch\/notablog\/2022\/04\/5396\/\" \/>\n<meta property=\"og:locale\" content=\"de_DE\" \/>\n<meta property=\"og:type\" content=\"article\" \/>\n<meta property=\"og:title\" content=\"Stiftungsarbeit f\u00fcr begabte Jugendliche\" \/>\n<meta property=\"og:description\" content=\"Stiftungsrat und Kundenberater Stephan Hintermann erz\u00e4hlt im Interview, wie die Dr. Max Husmann-Stiftung begabten Jugendlichen eine Ausbildung erm\u00f6glicht.\" \/>\n<meta property=\"og:url\" content=\"https:\/\/www.rahnbodmer.ch\/notablog\/2022\/04\/5396\/\" \/>\n<meta property=\"og:site_name\" content=\"Nota Blog\" \/>\n<meta property=\"article:published_time\" content=\"2022-04-13T05:00:10+00:00\" \/>\n<meta property=\"article:modified_time\" content=\"2023-11-22T10:08:52+00:00\" \/>\n<meta property=\"og:image\" content=\"https:\/\/www.rahnbodmer.ch\/notablog\/wp-content\/uploads\/2022\/04\/stephan-hintermann-1.jpg\" \/>\n\t<meta property=\"og:image:width\" content=\"1320\" \/>\n\t<meta property=\"og:image:height\" content=\"1500\" \/>\n\t<meta property=\"og:image:type\" content=\"image\/jpeg\" \/>\n<meta name=\"author\" content=\"Rahn+Bodmer Co.\" \/>\n<meta name=\"twitter:card\" content=\"summary_large_image\" \/>\n<meta name=\"twitter:title\" content=\"Stiftungsarbeit f\u00fcr begabte Jugendliche\" \/>\n<meta name=\"twitter:description\" content=\"Stiftungsrat und Kundenberater Stephan Hintermann erz\u00e4hlt im Interview, wie die Dr. Max Husmann-Stiftung begabten Jugendlichen eine Ausbildung erm\u00f6glicht.\" \/>\n<meta name=\"twitter:label1\" content=\"Geschrieben von\" \/>\n\t<meta name=\"twitter:data1\" content=\"Rahn+Bodmer Co.\" \/>\n\t<meta name=\"twitter:label2\" content=\"Gesch\u00e4tzte Lesezeit\" \/>\n\t<meta name=\"twitter:data2\" content=\"2\u00a0Minuten\" \/>\n<script type=\"application\/ld+json\" class=\"yoast-schema-graph\">{\"@context\":\"https:\/\/schema.org\",\"@graph\":[{\"@type\":\"Article\",\"@id\":\"https:\/\/www.rahnbodmer.ch\/notablog\/2022\/04\/5396\/#article\",\"isPartOf\":{\"@id\":\"https:\/\/www.rahnbodmer.ch\/notablog\/2022\/04\/5396\/\"},\"author\":{\"name\":\"Rahn+Bodmer Co.\",\"@id\":\"https:\/\/www.rahnbodmer.ch\/notablog\/#\/schema\/person\/f03811d36cb77bcc46cc8c672d653e6b\"},\"headline\":\"Begabte Jugend\u00adliche f\u00f6rdern\",\"datePublished\":\"2022-04-13T05:00:10+00:00\",\"dateModified\":\"2023-11-22T10:08:52+00:00\",\"mainEntityOfPage\":{\"@id\":\"https:\/\/www.rahnbodmer.ch\/notablog\/2022\/04\/5396\/\"},\"wordCount\":394,\"image\":{\"@id\":\"https:\/\/www.rahnbodmer.ch\/notablog\/2022\/04\/5396\/#primaryimage\"},\"thumbnailUrl\":\"https:\/\/www.rahnbodmer.ch\/notablog\/wp-content\/uploads\/2022\/04\/stephan-hintermann-1.jpg\",\"articleSection\":[\"In eigener Sache\"],\"inLanguage\":\"de-CH\"},{\"@type\":\"WebPage\",\"@id\":\"https:\/\/www.rahnbodmer.ch\/notablog\/2022\/04\/5396\/\",\"url\":\"https:\/\/www.rahnbodmer.ch\/notablog\/2022\/04\/5396\/\",\"name\":\"Begabte Jugendliche f\u00f6rdern - Nota Blog\",\"isPartOf\":{\"@id\":\"https:\/\/www.rahnbodmer.ch\/notablog\/#website\"},\"primaryImageOfPage\":{\"@id\":\"https:\/\/www.rahnbodmer.ch\/notablog\/2022\/04\/5396\/#primaryimage\"},\"image\":{\"@id\":\"https:\/\/www.rahnbodmer.ch\/notablog\/2022\/04\/5396\/#primaryimage\"},\"thumbnailUrl\":\"https:\/\/www.rahnbodmer.ch\/notablog\/wp-content\/uploads\/2022\/04\/stephan-hintermann-1.jpg\",\"datePublished\":\"2022-04-13T05:00:10+00:00\",\"dateModified\":\"2023-11-22T10:08:52+00:00\",\"author\":{\"@id\":\"https:\/\/www.rahnbodmer.ch\/notablog\/#\/schema\/person\/f03811d36cb77bcc46cc8c672d653e6b\"},\"description\":\"Stiftungsrat und Kundenberater Stephan Hintermann erz\u00e4hlt im Interview, wie die Dr. Max Husmann-Stiftung begabten Jugendlichen eine Ausbildung erm\u00f6glicht.\",\"breadcrumb\":{\"@id\":\"https:\/\/www.rahnbodmer.ch\/notablog\/2022\/04\/5396\/#breadcrumb\"},\"inLanguage\":\"de-CH\",\"potentialAction\":[{\"@type\":\"ReadAction\",\"target\":[\"https:\/\/www.rahnbodmer.ch\/notablog\/2022\/04\/5396\/\"]}]},{\"@type\":\"ImageObject\",\"inLanguage\":\"de-CH\",\"@id\":\"https:\/\/www.rahnbodmer.ch\/notablog\/2022\/04\/5396\/#primaryimage\",\"url\":\"https:\/\/www.rahnbodmer.ch\/notablog\/wp-content\/uploads\/2022\/04\/stephan-hintermann-1.jpg\",\"contentUrl\":\"https:\/\/www.rahnbodmer.ch\/notablog\/wp-content\/uploads\/2022\/04\/stephan-hintermann-1.jpg\",\"width\":1320,\"height\":1500},{\"@type\":\"BreadcrumbList\",\"@id\":\"https:\/\/www.rahnbodmer.ch\/notablog\/2022\/04\/5396\/#breadcrumb\",\"itemListElement\":[{\"@type\":\"ListItem\",\"position\":1,\"name\":\"Home\",\"item\":\"https:\/\/www.rahnbodmer.ch\/notablog\/\"},{\"@type\":\"ListItem\",\"position\":2,\"name\":\"Begabte Jugendliche f\u00f6rdern\"}]},{\"@type\":\"WebSite\",\"@id\":\"https:\/\/www.rahnbodmer.ch\/notablog\/#website\",\"url\":\"https:\/\/www.rahnbodmer.ch\/notablog\/\",\"name\":\"Nota Blog\",\"description\":\"Das Web-Magazin von Rahn+Bodmer Co.\",\"potentialAction\":[{\"@type\":\"SearchAction\",\"target\":{\"@type\":\"EntryPoint\",\"urlTemplate\":\"https:\/\/www.rahnbodmer.ch\/notablog\/?s={search_term_string}\"},\"query-input\":{\"@type\":\"PropertyValueSpecification\",\"valueRequired\":true,\"valueName\":\"search_term_string\"}}],\"inLanguage\":\"de-CH\"},{\"@type\":\"Person\",\"@id\":\"https:\/\/www.rahnbodmer.ch\/notablog\/#\/schema\/person\/f03811d36cb77bcc46cc8c672d653e6b\",\"name\":\"Rahn+Bodmer Co.\",\"image\":{\"@type\":\"ImageObject\",\"inLanguage\":\"de-CH\",\"@id\":\"https:\/\/www.rahnbodmer.ch\/notablog\/#\/schema\/person\/image\/\",\"url\":\"https:\/\/www.rahnbodmer.ch\/notablog\/wp-content\/plugins\/wp-user-avatar\/deprecated\/wp-user-avatar\/images\/wpua-96x96.png\",\"contentUrl\":\"https:\/\/www.rahnbodmer.ch\/notablog\/wp-content\/plugins\/wp-user-avatar\/deprecated\/wp-user-avatar\/images\/wpua-96x96.png\",\"caption\":\"Rahn+Bodmer Co.\"},\"url\":\"https:\/\/www.rahnbodmer.ch\/notablog\/author\/rahnbodmer\/\"}]}<\/script>\n<!-- \/ Yoast SEO plugin. -->","yoast_head_json":{"title":"Begabte Jugendliche f\u00f6rdern - Nota Blog","description":"Stiftungsrat und Kundenberater Stephan Hintermann erz\u00e4hlt im Interview, wie die Dr. Max Husmann-Stiftung begabten Jugendlichen eine Ausbildung erm\u00f6glicht.","robots":{"index":"index","follow":"follow","max-snippet":"max-snippet:-1","max-image-preview":"max-image-preview:large","max-video-preview":"max-video-preview:-1"},"canonical":"https:\/\/www.rahnbodmer.ch\/notablog\/2022\/04\/5396\/","og_locale":"de_DE","og_type":"article","og_title":"Stiftungsarbeit f\u00fcr begabte Jugendliche","og_description":"Stiftungsrat und Kundenberater Stephan Hintermann erz\u00e4hlt im Interview, wie die Dr. Max Husmann-Stiftung begabten Jugendlichen eine Ausbildung erm\u00f6glicht.","og_url":"https:\/\/www.rahnbodmer.ch\/notablog\/2022\/04\/5396\/","og_site_name":"Nota Blog","article_published_time":"2022-04-13T05:00:10+00:00","article_modified_time":"2023-11-22T10:08:52+00:00","og_image":[{"width":1320,"height":1500,"url":"https:\/\/www.rahnbodmer.ch\/notablog\/wp-content\/uploads\/2022\/04\/stephan-hintermann-1.jpg","type":"image\/jpeg"}],"author":"Rahn+Bodmer Co.","twitter_card":"summary_large_image","twitter_title":"Stiftungsarbeit f\u00fcr begabte Jugendliche","twitter_description":"Stiftungsrat und Kundenberater Stephan Hintermann erz\u00e4hlt im Interview, wie die Dr. Max Husmann-Stiftung begabten Jugendlichen eine Ausbildung erm\u00f6glicht.","twitter_misc":{"Geschrieben von":"Rahn+Bodmer Co.","Gesch\u00e4tzte Lesezeit":"2\u00a0Minuten"},"schema":{"@context":"https:\/\/schema.org","@graph":[{"@type":"Article","@id":"https:\/\/www.rahnbodmer.ch\/notablog\/2022\/04\/5396\/#article","isPartOf":{"@id":"https:\/\/www.rahnbodmer.ch\/notablog\/2022\/04\/5396\/"},"author":{"name":"Rahn+Bodmer Co.","@id":"https:\/\/www.rahnbodmer.ch\/notablog\/#\/schema\/person\/f03811d36cb77bcc46cc8c672d653e6b"},"headline":"Begabte Jugend\u00adliche f\u00f6rdern","datePublished":"2022-04-13T05:00:10+00:00","dateModified":"2023-11-22T10:08:52+00:00","mainEntityOfPage":{"@id":"https:\/\/www.rahnbodmer.ch\/notablog\/2022\/04\/5396\/"},"wordCount":394,"image":{"@id":"https:\/\/www.rahnbodmer.ch\/notablog\/2022\/04\/5396\/#primaryimage"},"thumbnailUrl":"https:\/\/www.rahnbodmer.ch\/notablog\/wp-content\/uploads\/2022\/04\/stephan-hintermann-1.jpg","articleSection":["In eigener Sache"],"inLanguage":"de-CH"},{"@type":"WebPage","@id":"https:\/\/www.rahnbodmer.ch\/notablog\/2022\/04\/5396\/","url":"https:\/\/www.rahnbodmer.ch\/notablog\/2022\/04\/5396\/","name":"Begabte Jugendliche f\u00f6rdern - Nota Blog","isPartOf":{"@id":"https:\/\/www.rahnbodmer.ch\/notablog\/#website"},"primaryImageOfPage":{"@id":"https:\/\/www.rahnbodmer.ch\/notablog\/2022\/04\/5396\/#primaryimage"},"image":{"@id":"https:\/\/www.rahnbodmer.ch\/notablog\/2022\/04\/5396\/#primaryimage"},"thumbnailUrl":"https:\/\/www.rahnbodmer.ch\/notablog\/wp-content\/uploads\/2022\/04\/stephan-hintermann-1.jpg","datePublished":"2022-04-13T05:00:10+00:00","dateModified":"2023-11-22T10:08:52+00:00","author":{"@id":"https:\/\/www.rahnbodmer.ch\/notablog\/#\/schema\/person\/f03811d36cb77bcc46cc8c672d653e6b"},"description":"Stiftungsrat und Kundenberater Stephan Hintermann erz\u00e4hlt im Interview, wie die Dr. Max Husmann-Stiftung begabten Jugendlichen eine Ausbildung erm\u00f6glicht.","breadcrumb":{"@id":"https:\/\/www.rahnbodmer.ch\/notablog\/2022\/04\/5396\/#breadcrumb"},"inLanguage":"de-CH","potentialAction":[{"@type":"ReadAction","target":["https:\/\/www.rahnbodmer.ch\/notablog\/2022\/04\/5396\/"]}]},{"@type":"ImageObject","inLanguage":"de-CH","@id":"https:\/\/www.rahnbodmer.ch\/notablog\/2022\/04\/5396\/#primaryimage","url":"https:\/\/www.rahnbodmer.ch\/notablog\/wp-content\/uploads\/2022\/04\/stephan-hintermann-1.jpg","contentUrl":"https:\/\/www.rahnbodmer.ch\/notablog\/wp-content\/uploads\/2022\/04\/stephan-hintermann-1.jpg","width":1320,"height":1500},{"@type":"BreadcrumbList","@id":"https:\/\/www.rahnbodmer.ch\/notablog\/2022\/04\/5396\/#breadcrumb","itemListElement":[{"@type":"ListItem","position":1,"name":"Home","item":"https:\/\/www.rahnbodmer.ch\/notablog\/"},{"@type":"ListItem","position":2,"name":"Begabte Jugendliche f\u00f6rdern"}]},{"@type":"WebSite","@id":"https:\/\/www.rahnbodmer.ch\/notablog\/#website","url":"https:\/\/www.rahnbodmer.ch\/notablog\/","name":"Nota Blog","description":"Das Web-Magazin von Rahn+Bodmer Co.","potentialAction":[{"@type":"SearchAction","target":{"@type":"EntryPoint","urlTemplate":"https:\/\/www.rahnbodmer.ch\/notablog\/?s={search_term_string}"},"query-input":{"@type":"PropertyValueSpecification","valueRequired":true,"valueName":"search_term_string"}}],"inLanguage":"de-CH"},{"@type":"Person","@id":"https:\/\/www.rahnbodmer.ch\/notablog\/#\/schema\/person\/f03811d36cb77bcc46cc8c672d653e6b","name":"Rahn+Bodmer Co.","image":{"@type":"ImageObject","inLanguage":"de-CH","@id":"https:\/\/www.rahnbodmer.ch\/notablog\/#\/schema\/person\/image\/","url":"https:\/\/www.rahnbodmer.ch\/notablog\/wp-content\/plugins\/wp-user-avatar\/deprecated\/wp-user-avatar\/images\/wpua-96x96.png","contentUrl":"https:\/\/www.rahnbodmer.ch\/notablog\/wp-content\/plugins\/wp-user-avatar\/deprecated\/wp-user-avatar\/images\/wpua-96x96.png","caption":"Rahn+Bodmer Co."},"url":"https:\/\/www.rahnbodmer.ch\/notablog\/author\/rahnbodmer\/"}]}},"_links":{"self":[{"href":"https:\/\/www.rahnbodmer.ch\/notablog\/wp-json\/wp\/v2\/posts\/5396","targetHints":{"allow":["GET"]}}],"collection":[{"href":"https:\/\/www.rahnbodmer.ch\/notablog\/wp-json\/wp\/v2\/posts"}],"about":[{"href":"https:\/\/www.rahnbodmer.ch\/notablog\/wp-json\/wp\/v2\/types\/post"}],"author":[{"embeddable":true,"href":"https:\/\/www.rahnbodmer.ch\/notablog\/wp-json\/wp\/v2\/users\/87"}],"replies":[{"embeddable":true,"href":"https:\/\/www.rahnbodmer.ch\/notablog\/wp-json\/wp\/v2\/comments?post=5396"}],"version-history":[{"count":7,"href":"https:\/\/www.rahnbodmer.ch\/notablog\/wp-json\/wp\/v2\/posts\/5396\/revisions"}],"predecessor-version":[{"id":5405,"href":"https:\/\/www.rahnbodmer.ch\/notablog\/wp-json\/wp\/v2\/posts\/5396\/revisions\/5405"}],"wp:featuredmedia":[{"embeddable":true,"href":"https:\/\/www.rahnbodmer.ch\/notablog\/wp-json\/wp\/v2\/media\/6467"}],"wp:attachment":[{"href":"https:\/\/www.rahnbodmer.ch\/notablog\/wp-json\/wp\/v2\/media?parent=5396"}],"wp:term":[{"taxonomy":"category","embeddable":true,"href":"https:\/\/www.rahnbodmer.ch\/notablog\/wp-json\/wp\/v2\/categories?post=5396"},{"taxonomy":"post_tag","embeddable":true,"href":"https:\/\/www.rahnbodmer.ch\/notablog\/wp-json\/wp\/v2\/tags?post=5396"}],"curies":[{"name":"wp","href":"https:\/\/api.w.org\/{rel}","templated":true}]}}