{"id":4155,"date":"2020-07-15T07:00:45","date_gmt":"2020-07-15T05:00:45","guid":{"rendered":"https:\/\/www.rahnbodmer.ch\/notablog\/?p=4155"},"modified":"2020-07-13T15:47:36","modified_gmt":"2020-07-13T13:47:36","slug":"mit-grosser-gelassenheit-durch-die-krise","status":"publish","type":"post","link":"https:\/\/www.rahnbodmer.ch\/notablog\/2020\/07\/mit-grosser-gelassenheit-durch-die-krise\/","title":{"rendered":"Mit grosser Gelas\u00adsenheit durch die&nbsp;Krise"},"content":{"rendered":"<h3><a href=\"http:\/\/www.rahnbodmer.ch\" target=\"_blank\" rel=\"noopener\">Rahn+Bodmer Co.<\/a> hat in ihrer langj\u00e4h\u00adrigen Geschichte schon viele schwierige B\u00f6rsen\u00adphasen durchlebt und immer wieder dazuge\u00adlernt. Im Interview erz\u00e4hlt <a href=\"https:\/\/www.linkedin.com\/in\/martin-bidermann\/\" target=\"_blank\" rel=\"noopener\">Martin Bidermann<\/a>, Partner, wie er pers\u00f6nlich die letzten Wochen erlebt hat und weshalb er positiv in die Zukunft schaut.<\/h3>\n<h3>Was ging Ihnen durch den Kopf, als einige Kurse an der Schweizer B\u00f6rse im letzten M\u00e4rz um 20 % und mehr fielen?<\/h3>\n<p>Die letzte grosse Krise an den Finanz\u00adm\u00e4rkten war die Krise 2008, ausgel\u00f6st durch den Kollaps von Lehman Brothers. Bilder von tiefroten Kursen, entlas\u00adsenen Bankan\u00adge\u00adstellten auf den Strassen Manhattans und von Warte\u00adschlangen vor Banko\u00admaten tauchten vor meinem inneren Auge auf. Damals wie auch im M\u00e4rz 2020 gab es einen \u00abRush\u00bb nach Liqui\u00addit\u00e4t. W\u00e4hrend der Finanz\u00adkrise wurde rund um die Welt alles verkauft, inklusive Quali\u00adt\u00e4ts\u00adtitel wie Nestl\u00e9 und sogar Gold. Auch diesen M\u00e4rz f\u00fchrten viele Banken forcierte Liqui\u00adda\u00adtionen von belehnten Wertschrif\u00adten\u00addepots durch und beschleu\u00adnigten damit die Abw\u00e4rtsspirale.<\/p>\n<h3>Hatten Sie in diesen Tagen viele Telefon\u00adge\u00adspr\u00e4che mit Kundinnen und Kunden, die von Ihnen wissen wollten, ob sie ihre Aktien gesamthaft verkaufen sollen?<\/h3>\n<p>In meinem Team gab es zwei Kundinnen, die von sich aus ihren Aktien\u00adanteil massiv reduzierten.95 % der Kundinnen und Kunden blieben jedoch gelassen. Sie wussten, dass in ihrem Portfolio nur unbelehnte Quali\u00adt\u00e4ts\u00adtitel sind und dass sie in abseh\u00adbarer Zeit keinen gr\u00f6sseren Cashbedarf haben werden. Dazu kommt, dass Quali\u00adt\u00e4ts\u00adfirmen aus den Bereichen Nahrungs\u00admittel und Gesundheit auch in Corona\u00adzeiten gute Ums\u00e4tze erwirt\u00adschaften und sehr profi\u00adtabel bleiben. Ich darf viele meiner Kundinnen und Kunden schon seit 30 Jahren beraten. Entspre\u00adchend haben wir zusammen schon etliche Korrek\u00adturen erlebt. Jedes Mal haben sich die Bewer\u00adtungen der Gesell\u00adschaften wieder erholt und wohl auch deswegen war keinerlei Panik bei unserer Kundschaft zu versp\u00fcren.<\/p>\n<h3>Die Partner von Rahn+Bodmer Co. haften mit ihrem privaten Verm\u00f6gen f\u00fcr die Verbind\u00adlich\u00adkeiten der Bank. Was bedeutet dies?<\/h3>\n<p>Rahn+Bodmer Co. verf\u00fcgt \u00fcber einen sehr hohen Bestand an Eigen\u00admitteln und Reserven und unsere Bilanz ist \u00fcberaus liquid. Wir k\u00f6nnten an einem x\u2011beliebigen Tag alle Konto\u00adkorrent-Guthaben unserer Kundinnen und Kunden auszahlen.Weil wir mit unserem Privat\u00adver\u00adm\u00f6gen f\u00fcr die Verbind\u00adlich\u00adkeiten der Bank haften, sind wir nicht gewillt, un\u00fcber\u00adschaubare Risiken f\u00fcr etwas zus\u00e4tz\u00adlichen Gewinn einzu\u00adgehen. Wir denken langfristig und handeln risikoavers.<\/p>\n<h3>Wie sehen Sie die weitere Entwicklung an den B\u00f6rsen?<\/h3>\n<p>Wir inves\u00adtieren nicht in eine B\u00f6rsen\u00adent\u00adwicklung, sondern in Gesell\u00adschaften mit verst\u00e4nd\u00adlichen Gesch\u00e4fs\u00admo\u00addellen und gesunden Bilanzen. Ich erachte die Zukunft dieser Gesell\u00adschaften auch innerhalb einer unsicheren COVID-Zeit als berechenbar gut. Obschon die Bewer\u00adtungen vieler quali\u00adtativ guter Unter\u00adnehmen hoch sind, geht meiner Meinung nach keine wirkliche Gefahr von diesen aus, denn ihr \u00abFree Cash Flow\u00bb ist ebenso sehr hoch. Das wird mit ein Grund sein, dass sich die B\u00f6rsen\u00adkurse eben dieser Gesell\u00adschaften weiterhin gut entwi\u00adckeln werden. Gleich\u00adzeitig m\u00fcssen wir uns bewusst sein, dass es immer wieder zu R\u00fcckschl\u00e4gen kommen kann.<\/p>\n<h3>Unter welchen Umst\u00e4nden h\u00e4tte auch Martin Bidermann schlaflose N\u00e4chte?<\/h3>\n<p>Da braucht es schon einiges. Schlaflose N\u00e4chte w\u00fcrde mir wohl am ehesten eine Art von digitaler Kriegs\u00adf\u00fchrung bereiten. Das heisst, wenn Hacker die Systeme unserer Bank oder auch dieje\u00adnigen der Schweiz angreifen w\u00fcrden und damit unsere Arbeit verun\u00adm\u00f6g\u00adlichen. Dies ist eine schwer berechenbare Gefahr und wohl auch deshalb beunru\u00adhigend, weil es ein Gebiet ist, indem ich mich nicht auskenne.<\/p>\n<h3>Wo werden Sie und Ihre Familie die Sommer\u00adferien verbringen?<\/h3>\n<p>Wir bleiben dieses Jahr wie viele andere auch in der Schweiz. Es gibt noch etliche Wander\u00adrouten in den Schweizer Bergen, die wir nicht kennen und wir freuen uns darauf, neue Wege zu entdecken.<\/p>\n<p>&nbsp;<\/p>\n","protected":false},"excerpt":{"rendered":"<p>Wir inves\u00adtieren nicht in eine B\u00f6rsen\u00adent\u00adwicklung, sondern in solide Unternehmen.<\/p>\n","protected":false},"author":19,"featured_media":0,"comment_status":"closed","ping_status":"closed","sticky":false,"template":"","format":"standard","meta":{"wp_typography_post_enhancements_disabled":false,"_ef_editorial_meta_date_first-draft-date":"","_ef_editorial_meta_paragraph_assignment":"","_ef_editorial_meta_checkbox_needs-photo":"","_ef_editorial_meta_number_word-count":"","footnotes":""},"categories":[32],"tags":[],"class_list":["post-4155","post","type-post","status-publish","format-standard","hentry","category-in-eigener-sache","clearfix"],"yoast_head":"<!-- This site is optimized with the Yoast SEO plugin v27.1.1 - https:\/\/yoast.com\/product\/yoast-seo-wordpress\/ -->\n<title>Mit grosser Gelassenheit durch die Krise - Nota Blog<\/title>\n<meta name=\"description\" content=\"Rahn+Bodmer Co. investiert in solide Unternehmen und nicht in eine B\u00f6rsenentwicklung. Deshalb hat die Privatbank die j\u00fcngste Krise gut gemeistert.\" \/>\n<meta name=\"robots\" content=\"index, follow, max-snippet:-1, max-image-preview:large, max-video-preview:-1\" \/>\n<link rel=\"canonical\" href=\"https:\/\/www.rahnbodmer.ch\/notablog\/2020\/07\/mit-grosser-gelassenheit-durch-die-krise\/\" \/>\n<meta property=\"og:locale\" content=\"de_DE\" \/>\n<meta property=\"og:type\" content=\"article\" \/>\n<meta property=\"og:title\" content=\"Mit grosser Gelassenheit durch die Krise\" \/>\n<meta property=\"og:description\" content=\"Rahn+Bodmer Co. investiert in solide Unternehmen und nicht in eine B\u00f6rsenentwicklung. Deshalb hat die Privatbank die j\u00fcngste Krise gut gemeistert.\" \/>\n<meta property=\"og:url\" content=\"https:\/\/www.rahnbodmer.ch\/notablog\/2020\/07\/mit-grosser-gelassenheit-durch-die-krise\/\" \/>\n<meta property=\"og:site_name\" content=\"Nota Blog\" \/>\n<meta property=\"article:published_time\" content=\"2020-07-15T05:00:45+00:00\" \/>\n<meta property=\"og:image\" content=\"https:\/\/www.rahnbodmer.ch\/notablog\/wp-content\/uploads\/2018\/07\/martin_biedermann_RB0768.png\" \/>\n\t<meta property=\"og:image:width\" content=\"1460\" \/>\n\t<meta property=\"og:image:height\" content=\"1130\" \/>\n\t<meta property=\"og:image:type\" content=\"image\/png\" \/>\n<meta name=\"author\" content=\"Martin H. Bidermann\" \/>\n<meta name=\"twitter:card\" content=\"summary_large_image\" \/>\n<meta name=\"twitter:title\" content=\"Mit grosser Gelassenheit durch die Krise\" \/>\n<meta name=\"twitter:description\" content=\"Rahn+Bodmer Co. investiert in solide Unternehmen und nicht in eine B\u00f6rsenentwicklung. Deshalb hat die Privatbank die j\u00fcngste Krise gut gemeistert.\" \/>\n<meta name=\"twitter:label1\" content=\"Geschrieben von\" \/>\n\t<meta name=\"twitter:data1\" content=\"Martin H. Bidermann\" \/>\n\t<meta name=\"twitter:label2\" content=\"Gesch\u00e4tzte Lesezeit\" \/>\n\t<meta name=\"twitter:data2\" content=\"3\u00a0Minuten\" \/>\n<script type=\"application\/ld+json\" class=\"yoast-schema-graph\">{\"@context\":\"https:\/\/schema.org\",\"@graph\":[{\"@type\":\"Article\",\"@id\":\"https:\/\/www.rahnbodmer.ch\/notablog\/2020\/07\/mit-grosser-gelassenheit-durch-die-krise\/#article\",\"isPartOf\":{\"@id\":\"https:\/\/www.rahnbodmer.ch\/notablog\/2020\/07\/mit-grosser-gelassenheit-durch-die-krise\/\"},\"author\":{\"name\":\"Martin H. Bidermann\",\"@id\":\"https:\/\/www.rahnbodmer.ch\/notablog\/#\/schema\/person\/c86c5750b7f3cbb8e24c12ae5406ced8\"},\"headline\":\"Mit grosser Gelas\u00adsenheit durch die&nbsp;Krise\",\"datePublished\":\"2020-07-15T05:00:45+00:00\",\"mainEntityOfPage\":{\"@id\":\"https:\/\/www.rahnbodmer.ch\/notablog\/2020\/07\/mit-grosser-gelassenheit-durch-die-krise\/\"},\"wordCount\":608,\"articleSection\":[\"In eigener Sache\"],\"inLanguage\":\"de-CH\"},{\"@type\":\"WebPage\",\"@id\":\"https:\/\/www.rahnbodmer.ch\/notablog\/2020\/07\/mit-grosser-gelassenheit-durch-die-krise\/\",\"url\":\"https:\/\/www.rahnbodmer.ch\/notablog\/2020\/07\/mit-grosser-gelassenheit-durch-die-krise\/\",\"name\":\"Mit grosser Gelassenheit durch die Krise - Nota Blog\",\"isPartOf\":{\"@id\":\"https:\/\/www.rahnbodmer.ch\/notablog\/#website\"},\"datePublished\":\"2020-07-15T05:00:45+00:00\",\"author\":{\"@id\":\"https:\/\/www.rahnbodmer.ch\/notablog\/#\/schema\/person\/c86c5750b7f3cbb8e24c12ae5406ced8\"},\"description\":\"Rahn+Bodmer Co. investiert in solide Unternehmen und nicht in eine B\u00f6rsenentwicklung. Deshalb hat die Privatbank die j\u00fcngste Krise gut gemeistert.\",\"breadcrumb\":{\"@id\":\"https:\/\/www.rahnbodmer.ch\/notablog\/2020\/07\/mit-grosser-gelassenheit-durch-die-krise\/#breadcrumb\"},\"inLanguage\":\"de-CH\",\"potentialAction\":[{\"@type\":\"ReadAction\",\"target\":[\"https:\/\/www.rahnbodmer.ch\/notablog\/2020\/07\/mit-grosser-gelassenheit-durch-die-krise\/\"]}]},{\"@type\":\"BreadcrumbList\",\"@id\":\"https:\/\/www.rahnbodmer.ch\/notablog\/2020\/07\/mit-grosser-gelassenheit-durch-die-krise\/#breadcrumb\",\"itemListElement\":[{\"@type\":\"ListItem\",\"position\":1,\"name\":\"Home\",\"item\":\"https:\/\/www.rahnbodmer.ch\/notablog\/\"},{\"@type\":\"ListItem\",\"position\":2,\"name\":\"Mit grosser Gelas\u00adsenheit durch die&nbsp;Krise\"}]},{\"@type\":\"WebSite\",\"@id\":\"https:\/\/www.rahnbodmer.ch\/notablog\/#website\",\"url\":\"https:\/\/www.rahnbodmer.ch\/notablog\/\",\"name\":\"Nota Blog\",\"description\":\"Das Web-Magazin von Rahn+Bodmer Co.\",\"potentialAction\":[{\"@type\":\"SearchAction\",\"target\":{\"@type\":\"EntryPoint\",\"urlTemplate\":\"https:\/\/www.rahnbodmer.ch\/notablog\/?s={search_term_string}\"},\"query-input\":{\"@type\":\"PropertyValueSpecification\",\"valueRequired\":true,\"valueName\":\"search_term_string\"}}],\"inLanguage\":\"de-CH\"},{\"@type\":\"Person\",\"@id\":\"https:\/\/www.rahnbodmer.ch\/notablog\/#\/schema\/person\/c86c5750b7f3cbb8e24c12ae5406ced8\",\"name\":\"Martin H. Bidermann\",\"image\":{\"@type\":\"ImageObject\",\"inLanguage\":\"de-CH\",\"@id\":\"https:\/\/www.rahnbodmer.ch\/notablog\/#\/schema\/person\/image\/\",\"url\":\"https:\/\/www.rahnbodmer.ch\/notablog\/wp-content\/plugins\/wp-user-avatar\/deprecated\/wp-user-avatar\/images\/wpua-96x96.png\",\"contentUrl\":\"https:\/\/www.rahnbodmer.ch\/notablog\/wp-content\/plugins\/wp-user-avatar\/deprecated\/wp-user-avatar\/images\/wpua-96x96.png\",\"caption\":\"Martin H. Bidermann\"},\"url\":\"https:\/\/www.rahnbodmer.ch\/notablog\/author\/martin-h-bidermann\/\"}]}<\/script>\n<!-- \/ Yoast SEO plugin. -->","yoast_head_json":{"title":"Mit grosser Gelassenheit durch die Krise - Nota Blog","description":"Rahn+Bodmer Co. investiert in solide Unternehmen und nicht in eine B\u00f6rsenentwicklung. Deshalb hat die Privatbank die j\u00fcngste Krise gut gemeistert.","robots":{"index":"index","follow":"follow","max-snippet":"max-snippet:-1","max-image-preview":"max-image-preview:large","max-video-preview":"max-video-preview:-1"},"canonical":"https:\/\/www.rahnbodmer.ch\/notablog\/2020\/07\/mit-grosser-gelassenheit-durch-die-krise\/","og_locale":"de_DE","og_type":"article","og_title":"Mit grosser Gelassenheit durch die Krise","og_description":"Rahn+Bodmer Co. investiert in solide Unternehmen und nicht in eine B\u00f6rsenentwicklung. Deshalb hat die Privatbank die j\u00fcngste Krise gut gemeistert.","og_url":"https:\/\/www.rahnbodmer.ch\/notablog\/2020\/07\/mit-grosser-gelassenheit-durch-die-krise\/","og_site_name":"Nota Blog","article_published_time":"2020-07-15T05:00:45+00:00","og_image":[{"width":1460,"height":1130,"url":"https:\/\/www.rahnbodmer.ch\/notablog\/wp-content\/uploads\/2018\/07\/martin_biedermann_RB0768.png","type":"image\/png"}],"author":"Martin H. Bidermann","twitter_card":"summary_large_image","twitter_title":"Mit grosser Gelassenheit durch die Krise","twitter_description":"Rahn+Bodmer Co. investiert in solide Unternehmen und nicht in eine B\u00f6rsenentwicklung. Deshalb hat die Privatbank die j\u00fcngste Krise gut gemeistert.","twitter_misc":{"Geschrieben von":"Martin H. Bidermann","Gesch\u00e4tzte Lesezeit":"3\u00a0Minuten"},"schema":{"@context":"https:\/\/schema.org","@graph":[{"@type":"Article","@id":"https:\/\/www.rahnbodmer.ch\/notablog\/2020\/07\/mit-grosser-gelassenheit-durch-die-krise\/#article","isPartOf":{"@id":"https:\/\/www.rahnbodmer.ch\/notablog\/2020\/07\/mit-grosser-gelassenheit-durch-die-krise\/"},"author":{"name":"Martin H. Bidermann","@id":"https:\/\/www.rahnbodmer.ch\/notablog\/#\/schema\/person\/c86c5750b7f3cbb8e24c12ae5406ced8"},"headline":"Mit grosser Gelas\u00adsenheit durch die&nbsp;Krise","datePublished":"2020-07-15T05:00:45+00:00","mainEntityOfPage":{"@id":"https:\/\/www.rahnbodmer.ch\/notablog\/2020\/07\/mit-grosser-gelassenheit-durch-die-krise\/"},"wordCount":608,"articleSection":["In eigener Sache"],"inLanguage":"de-CH"},{"@type":"WebPage","@id":"https:\/\/www.rahnbodmer.ch\/notablog\/2020\/07\/mit-grosser-gelassenheit-durch-die-krise\/","url":"https:\/\/www.rahnbodmer.ch\/notablog\/2020\/07\/mit-grosser-gelassenheit-durch-die-krise\/","name":"Mit grosser Gelassenheit durch die Krise - Nota Blog","isPartOf":{"@id":"https:\/\/www.rahnbodmer.ch\/notablog\/#website"},"datePublished":"2020-07-15T05:00:45+00:00","author":{"@id":"https:\/\/www.rahnbodmer.ch\/notablog\/#\/schema\/person\/c86c5750b7f3cbb8e24c12ae5406ced8"},"description":"Rahn+Bodmer Co. investiert in solide Unternehmen und nicht in eine B\u00f6rsenentwicklung. Deshalb hat die Privatbank die j\u00fcngste Krise gut gemeistert.","breadcrumb":{"@id":"https:\/\/www.rahnbodmer.ch\/notablog\/2020\/07\/mit-grosser-gelassenheit-durch-die-krise\/#breadcrumb"},"inLanguage":"de-CH","potentialAction":[{"@type":"ReadAction","target":["https:\/\/www.rahnbodmer.ch\/notablog\/2020\/07\/mit-grosser-gelassenheit-durch-die-krise\/"]}]},{"@type":"BreadcrumbList","@id":"https:\/\/www.rahnbodmer.ch\/notablog\/2020\/07\/mit-grosser-gelassenheit-durch-die-krise\/#breadcrumb","itemListElement":[{"@type":"ListItem","position":1,"name":"Home","item":"https:\/\/www.rahnbodmer.ch\/notablog\/"},{"@type":"ListItem","position":2,"name":"Mit grosser Gelas\u00adsenheit durch die&nbsp;Krise"}]},{"@type":"WebSite","@id":"https:\/\/www.rahnbodmer.ch\/notablog\/#website","url":"https:\/\/www.rahnbodmer.ch\/notablog\/","name":"Nota Blog","description":"Das Web-Magazin von Rahn+Bodmer Co.","potentialAction":[{"@type":"SearchAction","target":{"@type":"EntryPoint","urlTemplate":"https:\/\/www.rahnbodmer.ch\/notablog\/?s={search_term_string}"},"query-input":{"@type":"PropertyValueSpecification","valueRequired":true,"valueName":"search_term_string"}}],"inLanguage":"de-CH"},{"@type":"Person","@id":"https:\/\/www.rahnbodmer.ch\/notablog\/#\/schema\/person\/c86c5750b7f3cbb8e24c12ae5406ced8","name":"Martin H. Bidermann","image":{"@type":"ImageObject","inLanguage":"de-CH","@id":"https:\/\/www.rahnbodmer.ch\/notablog\/#\/schema\/person\/image\/","url":"https:\/\/www.rahnbodmer.ch\/notablog\/wp-content\/plugins\/wp-user-avatar\/deprecated\/wp-user-avatar\/images\/wpua-96x96.png","contentUrl":"https:\/\/www.rahnbodmer.ch\/notablog\/wp-content\/plugins\/wp-user-avatar\/deprecated\/wp-user-avatar\/images\/wpua-96x96.png","caption":"Martin H. Bidermann"},"url":"https:\/\/www.rahnbodmer.ch\/notablog\/author\/martin-h-bidermann\/"}]}},"_links":{"self":[{"href":"https:\/\/www.rahnbodmer.ch\/notablog\/wp-json\/wp\/v2\/posts\/4155","targetHints":{"allow":["GET"]}}],"collection":[{"href":"https:\/\/www.rahnbodmer.ch\/notablog\/wp-json\/wp\/v2\/posts"}],"about":[{"href":"https:\/\/www.rahnbodmer.ch\/notablog\/wp-json\/wp\/v2\/types\/post"}],"author":[{"embeddable":true,"href":"https:\/\/www.rahnbodmer.ch\/notablog\/wp-json\/wp\/v2\/users\/19"}],"replies":[{"embeddable":true,"href":"https:\/\/www.rahnbodmer.ch\/notablog\/wp-json\/wp\/v2\/comments?post=4155"}],"version-history":[{"count":0,"href":"https:\/\/www.rahnbodmer.ch\/notablog\/wp-json\/wp\/v2\/posts\/4155\/revisions"}],"wp:attachment":[{"href":"https:\/\/www.rahnbodmer.ch\/notablog\/wp-json\/wp\/v2\/media?parent=4155"}],"wp:term":[{"taxonomy":"category","embeddable":true,"href":"https:\/\/www.rahnbodmer.ch\/notablog\/wp-json\/wp\/v2\/categories?post=4155"},{"taxonomy":"post_tag","embeddable":true,"href":"https:\/\/www.rahnbodmer.ch\/notablog\/wp-json\/wp\/v2\/tags?post=4155"}],"curies":[{"name":"wp","href":"https:\/\/api.w.org\/{rel}","templated":true}]}}