{"id":2783,"date":"2019-07-03T07:00:43","date_gmt":"2019-07-03T05:00:43","guid":{"rendered":"https:\/\/www.rahnbodmer.ch\/notablog\/?p=2783"},"modified":"2019-07-05T09:20:51","modified_gmt":"2019-07-05T07:20:51","slug":"2783","status":"publish","type":"post","link":"https:\/\/www.rahnbodmer.ch\/notablog\/2019\/07\/2783\/","title":{"rendered":"Familien-unter\u00adnehmen haben Zukunft \u2014 Fredy Knie im Gespr\u00e4ch"},"content":{"rendered":"<h3>Im Rahmen des Business Family Forum 2019, organi\u00adsiert von <a href=\"https:\/\/www.familienunternehmen.ch\/de\/home\" target=\"_blank\" rel=\"noopener\">familienunternehmen.ch<\/a>, <a href=\"https:\/\/www.rahnbodmer.ch\/de\/\" target=\"_blank\" rel=\"noopener\">Rahn+Bodmer Co.<\/a> und&nbsp;<a href=\"https:\/\/swiss-export.com\/\" target=\"_blank\" rel=\"noopener\">swiss export<\/a>, disku\u00adtierte <a href=\"https:\/\/www.rahnbodmer.ch\/de\/partner.php\" target=\"_blank\" rel=\"noopener\">Martin H. Bidermann<\/a> in der Manage des Circus Knie zusammen mit anderen Unter\u00adneh\u00adme\u00adrinnen und Unter\u00adnehmern \u00fcber die Zukunft von Famili\u00aden\u00adun\u00adter\u00adnehmen. Mit dabei war selbst\u00adver\u00adst\u00e4ndlich auch die Familie Knie, vertreten durch Fredy Knie Junior und Ivan Knie. Im Interview spricht Fredy Knie Junior \u00fcber die Nachfolge im und \u00fcber die Zukunft des 100j\u00e4hrigen Familienunternehmens.<\/h3>\n<h3>Herr Knie, Sie sind Verwal\u00adtungs\u00adrats\u00adpr\u00e4\u00adsident der Knie <span class=\"caps\">AG<\/span>. In den Medien war vermehrt zu lesen, dass Sie den Stab an die n\u00e4chste Generation weiter\u00adgeben werden. Bedeutet dies, dass Sie sich auch vom <span class=\"caps\">VR<\/span> Pr\u00e4sidium zur\u00fcckziehen?<\/h3>\n<p>Nein, das hat damit nichts zu tun. Ich \u00fcbergebe das t\u00e4gliche Gesch\u00e4ft an meine Nachkommen, werde aber VR-Pr\u00e4sident der Familien-AG bleiben. Was ich an meine Tochter Geraldine abgegeben habe, ist die k\u00fcnst\u00adle\u00adrische Leitung.<\/p>\n<h3>Wie geht Loslassen nach all diesen Jahren?<\/h3>\n<p>Ich denke, das kann man oder man kann es nicht. Geraldine und jetzt auch wieder Chanel, meine Enkelin, waren einfach immer mit dabei. Und so sehe ich, dass alles im Sinne der Familie Knie weitergeht. Und das macht mir grosse Freude und macht es einfach, loszulassen.<\/p>\n<h3>Der Knie ist als Aktien\u00adge\u00adsell\u00adschaft organi\u00adsiert. Wie muss man sich das vorstellen?<\/h3>\n<p>Jedes Mitglied der Familie hat seinen Anteil an den Aktien. Und diesen kann man behalten, auch wenn man nicht mehr aktiv im Zirkus dabei&nbsp;ist.<\/p>\n<h3>Gibt es bei den Knies eine Familien-Charta?<\/h3>\n<p>Nein, so etwas haben wir&nbsp;nicht.<\/p>\n<h3>Wie werden Entscheide gef\u00e4llt?<\/h3>\n<p>Das kommt darauf an, welche Entscheide wir f\u00e4llen m\u00fcssen. Aber im Grunde genommen ist es ganz einfach: Die Mehrheit entscheidet. Wir sind im Verwal\u00adtungsrat wie auch in der Gesch\u00e4fts\u00adleitung f\u00fcnf Mitglieder.<\/p>\n<h3>Wie geht die Familie Knie mit Konflikten um?<\/h3>\n<p>Konflikte gibt es \u00fcberall und es w\u00e4re auch ziemlich langweilig, wenn alle Famili\u00aden\u00admit\u00adglieder immer der gleichen Meinung sind. Wir hatten auch schon Mitglieder, die aufgrund eines Konflikts aus dem Zirkus ausge\u00adschieden sind. Das ist f\u00fcr alle Betei\u00adligten besser. Wir versuchen immer einen guten Kompromiss zu finden. Aber, wenn es hart auf hart kommt, so gilt der Mehrheitsentscheid.<\/p>\n<h3>Ein Famili\u00aden\u00adun\u00adter\u00adnehmen zeichnet sich durch langfris\u00adtiges Denken, Unabh\u00e4n\u00adgigkeit und schnelle Entschei\u00addungswege aus. Sind Sie mit diesen Aussagen einverstanden?<\/h3>\n<p>Absolut, doch das Wichtigste ist: Die Freude am Unter\u00adnehmen und der Wille, das Unter\u00adnehmen gemeinsam weiter\u00adzu\u00adf\u00fchren, muss da sein. Wir h\u00e4tten nie 100 Jahre existieren k\u00f6nnen, wenn es bei allen Knies nicht dieses klare Ziel und diese Leiden\u00adschaft gegeben h\u00e4tte.<\/p>\n<h3>Wie finan\u00adziert sich der Cirkus Knie?<\/h3>\n<p>Wir sind absolut selbst\u00adtragend. Wir heissen zwar Schweizer National-Circus und deshalb glauben viele Leute, dass wir subven\u00adtio\u00adniert sind. Aber im Gegenteil, die Abgaben an den einzelnen Spiel\u00adorten sind mittler\u00adweile sehr&nbsp;hoch.<\/p>\n<h3>Was sind neben den Artis\u00adten\u00adho\u00adno\u00adraren die gr\u00f6ssten Kostenbl\u00f6cke?<\/h3>\n<p>Die Trans\u00adporte und die Medien\u00adarbeit; diese beiden Bl\u00f6cke sind in den letzten Jahren erheblich gestiegen. Auch die Abgaben an den einzelnen Spiel\u00adorten schlagen immer mehr zu Buche: So verlangt die Stadt Z\u00fcrich f\u00fcr den Standort auf dem Sechse\u00adl\u00e4u\u00adten\u00adplatz 10 Prozent der Einnahmen, plus Wasser, plus Strom, plus Platz\u00adrei\u00adnigung, plus Abfall\u00adge\u00adb\u00fchren, das summiert sich ganz sch\u00f6n zusammen.<\/p>\n<h3>Ist es \u00fcberhaupt rentabel, in kleineren St\u00e4dten aufzutreten?<\/h3>\n<p>Das m\u00fcssen wir immer wieder \u00fcberpr\u00fcfen, denn wir ben\u00f6tigen ein Einkommen, wie jedes andere Unter\u00adnehmen auch. Da kann es schon einmal vorkommen, dass wir aus finan\u00adzi\u00adellen Gr\u00fcnden eine Klein\u00adstadt aus dem Tournee-Plan streichen m\u00fcssen. Meistens ist aber der Grund eher, dass die St\u00e4dte in der Innen\u00adstadt keinen Platz mehr f\u00fcr einen Zirkus haben.<\/p>\n<h3>Wie schauen Sie in die Zukunft, Herr&nbsp;Knie?<\/h3>\n<p>Das diesj\u00e4hrige Programm war das dritte unter der allei\u00adnigen Verant\u00adwortung von Geraldine und sie hat es einfach perfekt gemacht. Deshalb schaue ich ruhig und sehr positiv in die Zukunft. Es gibt eine junge Mannschaft, die unsere Arbeit mit grosser Leiden\u00adschaft und Innovation weiterf\u00fchrt.<\/p>\n<p>Famili\u00aden\u00adun\u00adter\u00adnehmen sind vielen Anspruchs\u00adgruppen mit den unter\u00adschied\u00adlichsten Bed\u00fcrf\u00adnissen verpflichtet. Dadurch entstehen oft komplexe Frage\u00adstel\u00adlungen. Das Team um <a href=\"https:\/\/www.rahnbodmer.ch\/notablog\/2019\/05\/familienunternehmen\/\">Dominik Staffelbach<\/a> steht Unter\u00adneh\u00adme\u00adrinnen und Unter\u00adnehmern beratend und unter\u00adst\u00fctzend zur Seite, wenn es darum geht, vielschichtige Anliegen zu analy\u00adsieren und L\u00f6sungs\u00advor\u00adschl\u00e4ge zu erarbeiten.<\/p>\n","protected":false},"excerpt":{"rendered":"<p>Was z\u00e4hlt, ist der Wille und die Freude, das Unter\u00adnehmen gemeinsam weiterzuf\u00fchren.&nbsp;<\/p>\n","protected":false},"author":87,"featured_media":0,"comment_status":"closed","ping_status":"closed","sticky":false,"template":"","format":"standard","meta":{"wp_typography_post_enhancements_disabled":false,"_ef_editorial_meta_date_first-draft-date":"","_ef_editorial_meta_paragraph_assignment":"","_ef_editorial_meta_checkbox_needs-photo":"","_ef_editorial_meta_number_word-count":"","footnotes":""},"categories":[32],"tags":[],"class_list":["post-2783","post","type-post","status-publish","format-standard","hentry","category-in-eigener-sache","clearfix"],"yoast_head":"<!-- This site is optimized with the Yoast SEO plugin v27.1.1 - https:\/\/yoast.com\/product\/yoast-seo-wordpress\/ -->\n<title>Familien-unternehmen haben Zukunft - Fredy Knie im Gespr\u00e4ch - Nota Blog<\/title>\n<meta name=\"description\" content=\"Im Interview spricht Fredy Knie junior \u00fcber die Nachfolge beim Circus, \u00fcber Entscheidungsfindungen in Familienunternehmen und die Zukunft des Circus Knies.\" \/>\n<meta name=\"robots\" content=\"index, follow, max-snippet:-1, max-image-preview:large, max-video-preview:-1\" \/>\n<link rel=\"canonical\" href=\"https:\/\/www.rahnbodmer.ch\/notablog\/2019\/07\/2783\/\" \/>\n<meta property=\"og:locale\" content=\"de_DE\" \/>\n<meta property=\"og:type\" content=\"article\" \/>\n<meta property=\"og:title\" content=\"Familienunternehmen haben Zukunft - Fredy Knie im Gespr\u00e4ch\" \/>\n<meta property=\"og:description\" content=\"Im Interview spricht Fredy Knie junior \u00fcber die Nachfolge beim Circus, \u00fcber Entscheidungsfindungen in Familienunternehmen und die Zukunft des Circus Knies.\" \/>\n<meta property=\"og:url\" content=\"https:\/\/www.rahnbodmer.ch\/notablog\/2019\/07\/2783\/\" \/>\n<meta property=\"og:site_name\" content=\"Nota Blog\" \/>\n<meta property=\"article:published_time\" content=\"2019-07-03T05:00:43+00:00\" \/>\n<meta property=\"article:modified_time\" content=\"2019-07-05T07:20:51+00:00\" \/>\n<meta property=\"og:image\" content=\"https:\/\/www.rahnbodmer.ch\/notablog\/wp-content\/uploads\/2019\/06\/Knie_Notablog.png\" \/>\n\t<meta property=\"og:image:width\" content=\"1363\" \/>\n\t<meta property=\"og:image:height\" content=\"798\" \/>\n\t<meta property=\"og:image:type\" content=\"image\/png\" \/>\n<meta name=\"author\" content=\"Rahn+Bodmer Co.\" \/>\n<meta name=\"twitter:card\" content=\"summary_large_image\" \/>\n<meta name=\"twitter:title\" content=\"Familienunternehmen haben Zukunft - Fredy Knie im Gespr\u00e4ch\" \/>\n<meta name=\"twitter:description\" content=\"Im Interview spricht Fredy Knie junior \u00fcber die Nachfolge beim Circus, \u00fcber Entscheidungsfindungen in Familienunternehmen und die Zukunft des Circus Knies.\" \/>\n<meta name=\"twitter:label1\" content=\"Geschrieben von\" \/>\n\t<meta name=\"twitter:data1\" content=\"Rahn+Bodmer Co.\" \/>\n\t<meta name=\"twitter:label2\" content=\"Gesch\u00e4tzte Lesezeit\" \/>\n\t<meta name=\"twitter:data2\" content=\"3\u00a0Minuten\" \/>\n<script type=\"application\/ld+json\" class=\"yoast-schema-graph\">{\"@context\":\"https:\/\/schema.org\",\"@graph\":[{\"@type\":\"Article\",\"@id\":\"https:\/\/www.rahnbodmer.ch\/notablog\/2019\/07\/2783\/#article\",\"isPartOf\":{\"@id\":\"https:\/\/www.rahnbodmer.ch\/notablog\/2019\/07\/2783\/\"},\"author\":{\"name\":\"Rahn+Bodmer Co.\",\"@id\":\"https:\/\/www.rahnbodmer.ch\/notablog\/#\/schema\/person\/f03811d36cb77bcc46cc8c672d653e6b\"},\"headline\":\"Familien-unter\u00adnehmen haben Zukunft \u2014 Fredy Knie im Gespr\u00e4ch\",\"datePublished\":\"2019-07-03T05:00:43+00:00\",\"dateModified\":\"2019-07-05T07:20:51+00:00\",\"mainEntityOfPage\":{\"@id\":\"https:\/\/www.rahnbodmer.ch\/notablog\/2019\/07\/2783\/\"},\"wordCount\":703,\"articleSection\":[\"In eigener Sache\"],\"inLanguage\":\"de-CH\"},{\"@type\":\"WebPage\",\"@id\":\"https:\/\/www.rahnbodmer.ch\/notablog\/2019\/07\/2783\/\",\"url\":\"https:\/\/www.rahnbodmer.ch\/notablog\/2019\/07\/2783\/\",\"name\":\"Familien-unternehmen haben Zukunft - Fredy Knie im Gespr\u00e4ch - Nota Blog\",\"isPartOf\":{\"@id\":\"https:\/\/www.rahnbodmer.ch\/notablog\/#website\"},\"datePublished\":\"2019-07-03T05:00:43+00:00\",\"dateModified\":\"2019-07-05T07:20:51+00:00\",\"author\":{\"@id\":\"https:\/\/www.rahnbodmer.ch\/notablog\/#\/schema\/person\/f03811d36cb77bcc46cc8c672d653e6b\"},\"description\":\"Im Interview spricht Fredy Knie junior \u00fcber die Nachfolge beim Circus, \u00fcber Entscheidungsfindungen in Familienunternehmen und die Zukunft des Circus Knies.\",\"breadcrumb\":{\"@id\":\"https:\/\/www.rahnbodmer.ch\/notablog\/2019\/07\/2783\/#breadcrumb\"},\"inLanguage\":\"de-CH\",\"potentialAction\":[{\"@type\":\"ReadAction\",\"target\":[\"https:\/\/www.rahnbodmer.ch\/notablog\/2019\/07\/2783\/\"]}]},{\"@type\":\"BreadcrumbList\",\"@id\":\"https:\/\/www.rahnbodmer.ch\/notablog\/2019\/07\/2783\/#breadcrumb\",\"itemListElement\":[{\"@type\":\"ListItem\",\"position\":1,\"name\":\"Home\",\"item\":\"https:\/\/www.rahnbodmer.ch\/notablog\/\"},{\"@type\":\"ListItem\",\"position\":2,\"name\":\"Familien-unter\u00adnehmen haben Zukunft \u2014 Fredy Knie im Gespr\u00e4ch\"}]},{\"@type\":\"WebSite\",\"@id\":\"https:\/\/www.rahnbodmer.ch\/notablog\/#website\",\"url\":\"https:\/\/www.rahnbodmer.ch\/notablog\/\",\"name\":\"Nota Blog\",\"description\":\"Das Web-Magazin von Rahn+Bodmer Co.\",\"potentialAction\":[{\"@type\":\"SearchAction\",\"target\":{\"@type\":\"EntryPoint\",\"urlTemplate\":\"https:\/\/www.rahnbodmer.ch\/notablog\/?s={search_term_string}\"},\"query-input\":{\"@type\":\"PropertyValueSpecification\",\"valueRequired\":true,\"valueName\":\"search_term_string\"}}],\"inLanguage\":\"de-CH\"},{\"@type\":\"Person\",\"@id\":\"https:\/\/www.rahnbodmer.ch\/notablog\/#\/schema\/person\/f03811d36cb77bcc46cc8c672d653e6b\",\"name\":\"Rahn+Bodmer Co.\",\"image\":{\"@type\":\"ImageObject\",\"inLanguage\":\"de-CH\",\"@id\":\"https:\/\/www.rahnbodmer.ch\/notablog\/#\/schema\/person\/image\/\",\"url\":\"https:\/\/www.rahnbodmer.ch\/notablog\/wp-content\/plugins\/wp-user-avatar\/deprecated\/wp-user-avatar\/images\/wpua-96x96.png\",\"contentUrl\":\"https:\/\/www.rahnbodmer.ch\/notablog\/wp-content\/plugins\/wp-user-avatar\/deprecated\/wp-user-avatar\/images\/wpua-96x96.png\",\"caption\":\"Rahn+Bodmer Co.\"},\"url\":\"https:\/\/www.rahnbodmer.ch\/notablog\/author\/rahnbodmer\/\"}]}<\/script>\n<!-- \/ Yoast SEO plugin. -->","yoast_head_json":{"title":"Familien-unternehmen haben Zukunft - Fredy Knie im Gespr\u00e4ch - Nota Blog","description":"Im Interview spricht Fredy Knie junior \u00fcber die Nachfolge beim Circus, \u00fcber Entscheidungsfindungen in Familienunternehmen und die Zukunft des Circus Knies.","robots":{"index":"index","follow":"follow","max-snippet":"max-snippet:-1","max-image-preview":"max-image-preview:large","max-video-preview":"max-video-preview:-1"},"canonical":"https:\/\/www.rahnbodmer.ch\/notablog\/2019\/07\/2783\/","og_locale":"de_DE","og_type":"article","og_title":"Familienunternehmen haben Zukunft - Fredy Knie im Gespr\u00e4ch","og_description":"Im Interview spricht Fredy Knie junior \u00fcber die Nachfolge beim Circus, \u00fcber Entscheidungsfindungen in Familienunternehmen und die Zukunft des Circus Knies.","og_url":"https:\/\/www.rahnbodmer.ch\/notablog\/2019\/07\/2783\/","og_site_name":"Nota Blog","article_published_time":"2019-07-03T05:00:43+00:00","article_modified_time":"2019-07-05T07:20:51+00:00","og_image":[{"width":1363,"height":798,"url":"https:\/\/www.rahnbodmer.ch\/notablog\/wp-content\/uploads\/2019\/06\/Knie_Notablog.png","type":"image\/png"}],"author":"Rahn+Bodmer Co.","twitter_card":"summary_large_image","twitter_title":"Familienunternehmen haben Zukunft - Fredy Knie im Gespr\u00e4ch","twitter_description":"Im Interview spricht Fredy Knie junior \u00fcber die Nachfolge beim Circus, \u00fcber Entscheidungsfindungen in Familienunternehmen und die Zukunft des Circus Knies.","twitter_misc":{"Geschrieben von":"Rahn+Bodmer Co.","Gesch\u00e4tzte Lesezeit":"3\u00a0Minuten"},"schema":{"@context":"https:\/\/schema.org","@graph":[{"@type":"Article","@id":"https:\/\/www.rahnbodmer.ch\/notablog\/2019\/07\/2783\/#article","isPartOf":{"@id":"https:\/\/www.rahnbodmer.ch\/notablog\/2019\/07\/2783\/"},"author":{"name":"Rahn+Bodmer Co.","@id":"https:\/\/www.rahnbodmer.ch\/notablog\/#\/schema\/person\/f03811d36cb77bcc46cc8c672d653e6b"},"headline":"Familien-unter\u00adnehmen haben Zukunft \u2014 Fredy Knie im Gespr\u00e4ch","datePublished":"2019-07-03T05:00:43+00:00","dateModified":"2019-07-05T07:20:51+00:00","mainEntityOfPage":{"@id":"https:\/\/www.rahnbodmer.ch\/notablog\/2019\/07\/2783\/"},"wordCount":703,"articleSection":["In eigener Sache"],"inLanguage":"de-CH"},{"@type":"WebPage","@id":"https:\/\/www.rahnbodmer.ch\/notablog\/2019\/07\/2783\/","url":"https:\/\/www.rahnbodmer.ch\/notablog\/2019\/07\/2783\/","name":"Familien-unternehmen haben Zukunft - Fredy Knie im Gespr\u00e4ch - Nota Blog","isPartOf":{"@id":"https:\/\/www.rahnbodmer.ch\/notablog\/#website"},"datePublished":"2019-07-03T05:00:43+00:00","dateModified":"2019-07-05T07:20:51+00:00","author":{"@id":"https:\/\/www.rahnbodmer.ch\/notablog\/#\/schema\/person\/f03811d36cb77bcc46cc8c672d653e6b"},"description":"Im Interview spricht Fredy Knie junior \u00fcber die Nachfolge beim Circus, \u00fcber Entscheidungsfindungen in Familienunternehmen und die Zukunft des Circus Knies.","breadcrumb":{"@id":"https:\/\/www.rahnbodmer.ch\/notablog\/2019\/07\/2783\/#breadcrumb"},"inLanguage":"de-CH","potentialAction":[{"@type":"ReadAction","target":["https:\/\/www.rahnbodmer.ch\/notablog\/2019\/07\/2783\/"]}]},{"@type":"BreadcrumbList","@id":"https:\/\/www.rahnbodmer.ch\/notablog\/2019\/07\/2783\/#breadcrumb","itemListElement":[{"@type":"ListItem","position":1,"name":"Home","item":"https:\/\/www.rahnbodmer.ch\/notablog\/"},{"@type":"ListItem","position":2,"name":"Familien-unter\u00adnehmen haben Zukunft \u2014 Fredy Knie im Gespr\u00e4ch"}]},{"@type":"WebSite","@id":"https:\/\/www.rahnbodmer.ch\/notablog\/#website","url":"https:\/\/www.rahnbodmer.ch\/notablog\/","name":"Nota Blog","description":"Das Web-Magazin von Rahn+Bodmer Co.","potentialAction":[{"@type":"SearchAction","target":{"@type":"EntryPoint","urlTemplate":"https:\/\/www.rahnbodmer.ch\/notablog\/?s={search_term_string}"},"query-input":{"@type":"PropertyValueSpecification","valueRequired":true,"valueName":"search_term_string"}}],"inLanguage":"de-CH"},{"@type":"Person","@id":"https:\/\/www.rahnbodmer.ch\/notablog\/#\/schema\/person\/f03811d36cb77bcc46cc8c672d653e6b","name":"Rahn+Bodmer Co.","image":{"@type":"ImageObject","inLanguage":"de-CH","@id":"https:\/\/www.rahnbodmer.ch\/notablog\/#\/schema\/person\/image\/","url":"https:\/\/www.rahnbodmer.ch\/notablog\/wp-content\/plugins\/wp-user-avatar\/deprecated\/wp-user-avatar\/images\/wpua-96x96.png","contentUrl":"https:\/\/www.rahnbodmer.ch\/notablog\/wp-content\/plugins\/wp-user-avatar\/deprecated\/wp-user-avatar\/images\/wpua-96x96.png","caption":"Rahn+Bodmer Co."},"url":"https:\/\/www.rahnbodmer.ch\/notablog\/author\/rahnbodmer\/"}]}},"_links":{"self":[{"href":"https:\/\/www.rahnbodmer.ch\/notablog\/wp-json\/wp\/v2\/posts\/2783","targetHints":{"allow":["GET"]}}],"collection":[{"href":"https:\/\/www.rahnbodmer.ch\/notablog\/wp-json\/wp\/v2\/posts"}],"about":[{"href":"https:\/\/www.rahnbodmer.ch\/notablog\/wp-json\/wp\/v2\/types\/post"}],"author":[{"embeddable":true,"href":"https:\/\/www.rahnbodmer.ch\/notablog\/wp-json\/wp\/v2\/users\/87"}],"replies":[{"embeddable":true,"href":"https:\/\/www.rahnbodmer.ch\/notablog\/wp-json\/wp\/v2\/comments?post=2783"}],"version-history":[{"count":1,"href":"https:\/\/www.rahnbodmer.ch\/notablog\/wp-json\/wp\/v2\/posts\/2783\/revisions"}],"predecessor-version":[{"id":2801,"href":"https:\/\/www.rahnbodmer.ch\/notablog\/wp-json\/wp\/v2\/posts\/2783\/revisions\/2801"}],"wp:attachment":[{"href":"https:\/\/www.rahnbodmer.ch\/notablog\/wp-json\/wp\/v2\/media?parent=2783"}],"wp:term":[{"taxonomy":"category","embeddable":true,"href":"https:\/\/www.rahnbodmer.ch\/notablog\/wp-json\/wp\/v2\/categories?post=2783"},{"taxonomy":"post_tag","embeddable":true,"href":"https:\/\/www.rahnbodmer.ch\/notablog\/wp-json\/wp\/v2\/tags?post=2783"}],"curies":[{"name":"wp","href":"https:\/\/api.w.org\/{rel}","templated":true}]}}