{"id":2397,"date":"2019-04-08T09:00:57","date_gmt":"2019-04-08T07:00:57","guid":{"rendered":"https:\/\/www.rahnbodmer.ch\/notablog\/?p=2397"},"modified":"2019-10-01T15:03:31","modified_gmt":"2019-10-01T13:03:31","slug":"sechselaeuten-junge-tradition","status":"publish","type":"post","link":"https:\/\/www.rahnbodmer.ch\/notablog\/2019\/04\/sechselaeuten-junge-tradition\/","title":{"rendered":"Sechse\u00adl\u00e4uten \u2013 junge Tradition"},"content":{"rendered":"<p>Mit einem Beitrag zum <a href=\"https:\/\/www.rahnbodmer.ch\/notablog\/2018\/04\/sechselaeuten-gelebte-tradition\/\">Z\u00fcrcher Sechse\u00adl\u00e4uten<\/a> sind wir mit unserem Blog vor einem Jahr an den Start gegangen. Im Interview mit Christian Rahn wollten wir damals wissen, ob die Zunft\u00admit\u00adglied\u00adschaft f\u00fcr junge M\u00e4nner heute \u00fcberhaupt noch attraktiv ist. Und ob, meinte er damals. Den Beweis daf\u00fcr legen wir heute vor. Vier junge M\u00e4nner, die bei Rahn+Bodmer Co. arbeiten und alle Zunft\u00admit\u00adglieder sind, verraten, was die Z\u00fcrcher Z\u00fcnfte f\u00fcr sie bedeuten. Auskunft geben: Jay Bidermann (<span class=\"caps\">JB<\/span>), Portfolio Management, Sebastian Bidermann (<span class=\"caps\">SB<\/span>), Beratung externe Verm\u00f6\u00adgens\u00adver\u00adwaltung, Tiziano Foiera (<span class=\"caps\">TF<\/span>), Steuer- und Erbrechts\u00adbe\u00adrater und Mike Immer (<span class=\"caps\">MI<\/span>), Leiter externe Verm\u00f6gensverwaltung.<\/p>\n<h3><em>Ich bin Zunft\u00admit\u00adglied&nbsp;weil&nbsp;\u2026<\/em><\/h3>\n<p><strong><span class=\"caps\">MI<\/span>:<\/strong>&nbsp;Neben dem gesell\u00adschaft\u00adlichen Teil auch das urspr\u00fcng\u00adliche Handwerk \u00abSchmiden\u00bb regel\u00adm\u00e4ssig in einer alten Schmitte betrieben wird und Freund\u00adschaften gepflegt werden.<\/p>\n<p><strong><span class=\"caps\">SB<\/span><\/strong>:&nbsp;Es eine tolle Art ist, mehr \u00fcber seine Herkunft und Geschichte zu lernen.<\/p>\n<p><strong><span class=\"caps\">TF<\/span>:<\/strong>&nbsp;Mein Gross\u00advater 1963 in die Zunft Fluntern aufge\u00adnommen wurde und mir diese Famili\u00aden\u00adtra\u00addition grosse Freude bereitet.<\/p>\n<p><strong><span class=\"caps\">JB<\/span>:<\/strong>&nbsp;Es eine tolle Tradition ist und mir die Gesell\u00adschaft und die Werte, die im Z\u00fcrcher Zunft\u00adwesen gelebt werden, gefallen.<\/p>\n<h3><em>Der beste Teil des Sechse\u00adl\u00e4uten ist&nbsp;\u2026<\/em><\/h3>\n<p><strong><span class=\"caps\">SB<\/span>:<\/strong> Der Auszug und der W\u00fcrst\u00adlitopf! Beim Auszug besucht man als ganze Zunft eine andere und ein ausge\u00adw\u00e4hlter Sprecher h\u00e4lt eine Rede. Insgesamt besuchen wir drei Z\u00fcnfte, das kann gut und gerne drei Stunden dauern. Die Wienerli und die Gersten\u00adsuppe schmecken anschliessend einfach hervorragend.<\/p>\n<p><strong><span class=\"caps\">JB<\/span>:<\/strong> Einer der H\u00f6hepunkte ist der allj\u00e4hr\u00adliche \u00abSauban\u00adnerzug\u00bb, also der Besuch der Hottinger bei den Schmiden. Dieses Jahr wird mein pers\u00f6n\u00adlicher H\u00f6hepunkt wohl meine offizielle Aufnahme in die Gesell\u00adschaft zu Constaffel sein.<\/p>\n<p><strong><span class=\"caps\">TF<\/span>:<\/strong> Der Ober Ball am Samstag\u00adabend vor dem Sechse\u00adl\u00e4uten und selbst\u00adver\u00adst\u00e4ndlich der Umzug bei strah\u00adlendem Sonnenschein.<\/p>\n<p><strong><span class=\"caps\">MI<\/span>:<\/strong> Wenn das Wetter stimmt und die eigenen Kinder zum ersten Mal aktiv am Sechse\u00adl\u00e4uten teilnehmen.<\/p>\n<h3><em>Mein Lieblings\u00adbe\u00adgriff der \u00abZunft-Sprache\u00bb ist und das bedeutet&nbsp;\u2026<\/em><\/h3>\n<p><strong><span class=\"caps\">TF<\/span>:<\/strong> \u00abHauptbott\u00bb. Der Begriff steht f\u00fcr die j\u00e4hrliche General\u00adver\u00adsammlung der&nbsp;Zunft.<\/p>\n<p><strong><span class=\"caps\">MI<\/span>:<\/strong> \u00abCh\u00e4fer\u00bb, das sind die jungen Helfe\u00adrinnen und Helfer aus Z\u00fcnfter\u00adfa\u00admilien, welche die kleinen Kinder vor und w\u00e4hrend des Umzugs betreuen.<\/p>\n<p><strong><span class=\"caps\">SB<\/span>:<\/strong> \u00abStubb\u00e4\u00bb. Damit sind die R\u00e4umlich\u00adkeiten im eigenen Zunfthaus, in denen man sich im Verlauf des Tages immer wieder zusam\u00admen\u00adfindet, gemeint. Bei uns \u00fcbrigens das Haus zum&nbsp;R\u00fcden.<\/p>\n<p><strong><span class=\"caps\">JB<\/span>:<\/strong> Mir \u00abw\u00f6isched\u00bb eu es sch\u00f6ns Sechsil\u00fcte. In der Zunft\u00adsprache wird nicht \u00abgew\u00fcnscht\u00bb, sondern \u00abgewoischt\u00bb.<\/p>\n<p>&nbsp;<\/p>\n<p><img loading=\"lazy\" decoding=\"async\" class=\"alignnone size-medium wp-image-2435\" src=\"https:\/\/www.rahnbodmer.ch\/notablog\/wp-content\/uploads\/2019\/04\/Sechsela\u0308uten_RB_Web0002-300x240.png\" alt width=\"300\" height=\"240\"><\/p>\n<p>(v.l.n.r) Sebastian Bidermann, Mike&nbsp;Immer,<br>\nJay Bidermann, Tiziano Foeira<\/p>\n<p>&nbsp;<\/p>\n","protected":false},"excerpt":{"rendered":"<p>Hauptbott, Ch\u00e4fer, Saubannerzug<\/p>\n","protected":false},"author":33,"featured_media":0,"comment_status":"closed","ping_status":"closed","sticky":false,"template":"","format":"standard","meta":{"wp_typography_post_enhancements_disabled":false,"_ef_editorial_meta_date_first-draft-date":"","_ef_editorial_meta_paragraph_assignment":"","_ef_editorial_meta_checkbox_needs-photo":"","_ef_editorial_meta_number_word-count":"","footnotes":""},"categories":[32],"tags":[],"class_list":["post-2397","post","type-post","status-publish","format-standard","hentry","category-in-eigener-sache","clearfix"],"yoast_head":"<!-- This site is optimized with the Yoast SEO plugin v27.1.1 - https:\/\/yoast.com\/product\/yoast-seo-wordpress\/ -->\n<title>Sechsel\u00e4uten \u2013 junge Tradition - Nota Blog<\/title>\n<meta name=\"robots\" content=\"index, follow, max-snippet:-1, max-image-preview:large, max-video-preview:-1\" \/>\n<link rel=\"canonical\" href=\"https:\/\/www.rahnbodmer.ch\/notablog\/2019\/04\/sechselaeuten-junge-tradition\/\" \/>\n<meta property=\"og:locale\" content=\"de_DE\" \/>\n<meta property=\"og:type\" content=\"article\" \/>\n<meta property=\"og:title\" content=\"Sechsel\u00e4uten \u2013 junge Tradition - Nota Blog\" \/>\n<meta property=\"og:description\" content=\"Hauptbott, Ch\u00e4fer, Saubannerzug\" \/>\n<meta property=\"og:url\" content=\"https:\/\/www.rahnbodmer.ch\/notablog\/2019\/04\/sechselaeuten-junge-tradition\/\" \/>\n<meta property=\"og:site_name\" content=\"Nota Blog\" \/>\n<meta property=\"article:published_time\" content=\"2019-04-08T07:00:57+00:00\" \/>\n<meta property=\"article:modified_time\" content=\"2019-10-01T13:03:31+00:00\" \/>\n<meta property=\"og:image\" content=\"https:\/\/www.rahnbodmer.ch\/notablog\/wp-content\/uploads\/2019\/04\/Sechsela\u0308uten_RB_Web0002.png\" \/>\n\t<meta property=\"og:image:width\" content=\"750\" \/>\n\t<meta property=\"og:image:height\" content=\"600\" \/>\n\t<meta property=\"og:image:type\" content=\"image\/png\" \/>\n<meta name=\"author\" content=\"Tiziano Foiera\" \/>\n<meta name=\"twitter:card\" content=\"summary_large_image\" \/>\n<meta name=\"twitter:label1\" content=\"Geschrieben von\" \/>\n\t<meta name=\"twitter:data1\" content=\"Tiziano Foiera\" \/>\n\t<meta name=\"twitter:label2\" content=\"Gesch\u00e4tzte Lesezeit\" \/>\n\t<meta name=\"twitter:data2\" content=\"2\u00a0Minuten\" \/>\n<script type=\"application\/ld+json\" class=\"yoast-schema-graph\">{\"@context\":\"https:\/\/schema.org\",\"@graph\":[{\"@type\":\"Article\",\"@id\":\"https:\/\/www.rahnbodmer.ch\/notablog\/2019\/04\/sechselaeuten-junge-tradition\/#article\",\"isPartOf\":{\"@id\":\"https:\/\/www.rahnbodmer.ch\/notablog\/2019\/04\/sechselaeuten-junge-tradition\/\"},\"author\":{\"name\":\"Tiziano Foiera\",\"@id\":\"https:\/\/www.rahnbodmer.ch\/notablog\/#\/schema\/person\/b5645185a338374df13073ee303aab0c\"},\"headline\":\"Sechse\u00adl\u00e4uten \u2013 junge Tradition\",\"datePublished\":\"2019-04-08T07:00:57+00:00\",\"dateModified\":\"2019-10-01T13:03:31+00:00\",\"mainEntityOfPage\":{\"@id\":\"https:\/\/www.rahnbodmer.ch\/notablog\/2019\/04\/sechselaeuten-junge-tradition\/\"},\"wordCount\":424,\"articleSection\":[\"In eigener Sache\"],\"inLanguage\":\"de-CH\"},{\"@type\":\"WebPage\",\"@id\":\"https:\/\/www.rahnbodmer.ch\/notablog\/2019\/04\/sechselaeuten-junge-tradition\/\",\"url\":\"https:\/\/www.rahnbodmer.ch\/notablog\/2019\/04\/sechselaeuten-junge-tradition\/\",\"name\":\"Sechsel\u00e4uten \u2013 junge Tradition - Nota Blog\",\"isPartOf\":{\"@id\":\"https:\/\/www.rahnbodmer.ch\/notablog\/#website\"},\"datePublished\":\"2019-04-08T07:00:57+00:00\",\"dateModified\":\"2019-10-01T13:03:31+00:00\",\"author\":{\"@id\":\"https:\/\/www.rahnbodmer.ch\/notablog\/#\/schema\/person\/b5645185a338374df13073ee303aab0c\"},\"breadcrumb\":{\"@id\":\"https:\/\/www.rahnbodmer.ch\/notablog\/2019\/04\/sechselaeuten-junge-tradition\/#breadcrumb\"},\"inLanguage\":\"de-CH\",\"potentialAction\":[{\"@type\":\"ReadAction\",\"target\":[\"https:\/\/www.rahnbodmer.ch\/notablog\/2019\/04\/sechselaeuten-junge-tradition\/\"]}]},{\"@type\":\"BreadcrumbList\",\"@id\":\"https:\/\/www.rahnbodmer.ch\/notablog\/2019\/04\/sechselaeuten-junge-tradition\/#breadcrumb\",\"itemListElement\":[{\"@type\":\"ListItem\",\"position\":1,\"name\":\"Home\",\"item\":\"https:\/\/www.rahnbodmer.ch\/notablog\/\"},{\"@type\":\"ListItem\",\"position\":2,\"name\":\"Sechse\u00adl\u00e4uten \u2013 junge Tradition\"}]},{\"@type\":\"WebSite\",\"@id\":\"https:\/\/www.rahnbodmer.ch\/notablog\/#website\",\"url\":\"https:\/\/www.rahnbodmer.ch\/notablog\/\",\"name\":\"Nota Blog\",\"description\":\"Das Web-Magazin von Rahn+Bodmer Co.\",\"potentialAction\":[{\"@type\":\"SearchAction\",\"target\":{\"@type\":\"EntryPoint\",\"urlTemplate\":\"https:\/\/www.rahnbodmer.ch\/notablog\/?s={search_term_string}\"},\"query-input\":{\"@type\":\"PropertyValueSpecification\",\"valueRequired\":true,\"valueName\":\"search_term_string\"}}],\"inLanguage\":\"de-CH\"},{\"@type\":\"Person\",\"@id\":\"https:\/\/www.rahnbodmer.ch\/notablog\/#\/schema\/person\/b5645185a338374df13073ee303aab0c\",\"name\":\"Tiziano Foiera\",\"image\":{\"@type\":\"ImageObject\",\"inLanguage\":\"de-CH\",\"@id\":\"https:\/\/www.rahnbodmer.ch\/notablog\/#\/schema\/person\/image\/\",\"url\":\"https:\/\/www.rahnbodmer.ch\/notablog\/wp-content\/uploads\/2024\/07\/blog_tiziano-foiera-150x150.jpg\",\"contentUrl\":\"https:\/\/www.rahnbodmer.ch\/notablog\/wp-content\/uploads\/2024\/07\/blog_tiziano-foiera-150x150.jpg\",\"caption\":\"Tiziano Foiera\"},\"url\":\"https:\/\/www.rahnbodmer.ch\/notablog\/author\/tiziano-foeira\/\"}]}<\/script>\n<!-- \/ Yoast SEO plugin. -->","yoast_head_json":{"title":"Sechsel\u00e4uten \u2013 junge Tradition - Nota Blog","robots":{"index":"index","follow":"follow","max-snippet":"max-snippet:-1","max-image-preview":"max-image-preview:large","max-video-preview":"max-video-preview:-1"},"canonical":"https:\/\/www.rahnbodmer.ch\/notablog\/2019\/04\/sechselaeuten-junge-tradition\/","og_locale":"de_DE","og_type":"article","og_title":"Sechsel\u00e4uten \u2013 junge Tradition - Nota Blog","og_description":"Hauptbott, Ch\u00e4fer, Saubannerzug","og_url":"https:\/\/www.rahnbodmer.ch\/notablog\/2019\/04\/sechselaeuten-junge-tradition\/","og_site_name":"Nota Blog","article_published_time":"2019-04-08T07:00:57+00:00","article_modified_time":"2019-10-01T13:03:31+00:00","og_image":[{"width":750,"height":600,"url":"https:\/\/www.rahnbodmer.ch\/notablog\/wp-content\/uploads\/2019\/04\/Sechsela\u0308uten_RB_Web0002.png","type":"image\/png"}],"author":"Tiziano Foiera","twitter_card":"summary_large_image","twitter_misc":{"Geschrieben von":"Tiziano Foiera","Gesch\u00e4tzte Lesezeit":"2\u00a0Minuten"},"schema":{"@context":"https:\/\/schema.org","@graph":[{"@type":"Article","@id":"https:\/\/www.rahnbodmer.ch\/notablog\/2019\/04\/sechselaeuten-junge-tradition\/#article","isPartOf":{"@id":"https:\/\/www.rahnbodmer.ch\/notablog\/2019\/04\/sechselaeuten-junge-tradition\/"},"author":{"name":"Tiziano Foiera","@id":"https:\/\/www.rahnbodmer.ch\/notablog\/#\/schema\/person\/b5645185a338374df13073ee303aab0c"},"headline":"Sechse\u00adl\u00e4uten \u2013 junge Tradition","datePublished":"2019-04-08T07:00:57+00:00","dateModified":"2019-10-01T13:03:31+00:00","mainEntityOfPage":{"@id":"https:\/\/www.rahnbodmer.ch\/notablog\/2019\/04\/sechselaeuten-junge-tradition\/"},"wordCount":424,"articleSection":["In eigener Sache"],"inLanguage":"de-CH"},{"@type":"WebPage","@id":"https:\/\/www.rahnbodmer.ch\/notablog\/2019\/04\/sechselaeuten-junge-tradition\/","url":"https:\/\/www.rahnbodmer.ch\/notablog\/2019\/04\/sechselaeuten-junge-tradition\/","name":"Sechsel\u00e4uten \u2013 junge Tradition - Nota Blog","isPartOf":{"@id":"https:\/\/www.rahnbodmer.ch\/notablog\/#website"},"datePublished":"2019-04-08T07:00:57+00:00","dateModified":"2019-10-01T13:03:31+00:00","author":{"@id":"https:\/\/www.rahnbodmer.ch\/notablog\/#\/schema\/person\/b5645185a338374df13073ee303aab0c"},"breadcrumb":{"@id":"https:\/\/www.rahnbodmer.ch\/notablog\/2019\/04\/sechselaeuten-junge-tradition\/#breadcrumb"},"inLanguage":"de-CH","potentialAction":[{"@type":"ReadAction","target":["https:\/\/www.rahnbodmer.ch\/notablog\/2019\/04\/sechselaeuten-junge-tradition\/"]}]},{"@type":"BreadcrumbList","@id":"https:\/\/www.rahnbodmer.ch\/notablog\/2019\/04\/sechselaeuten-junge-tradition\/#breadcrumb","itemListElement":[{"@type":"ListItem","position":1,"name":"Home","item":"https:\/\/www.rahnbodmer.ch\/notablog\/"},{"@type":"ListItem","position":2,"name":"Sechse\u00adl\u00e4uten \u2013 junge Tradition"}]},{"@type":"WebSite","@id":"https:\/\/www.rahnbodmer.ch\/notablog\/#website","url":"https:\/\/www.rahnbodmer.ch\/notablog\/","name":"Nota Blog","description":"Das Web-Magazin von Rahn+Bodmer Co.","potentialAction":[{"@type":"SearchAction","target":{"@type":"EntryPoint","urlTemplate":"https:\/\/www.rahnbodmer.ch\/notablog\/?s={search_term_string}"},"query-input":{"@type":"PropertyValueSpecification","valueRequired":true,"valueName":"search_term_string"}}],"inLanguage":"de-CH"},{"@type":"Person","@id":"https:\/\/www.rahnbodmer.ch\/notablog\/#\/schema\/person\/b5645185a338374df13073ee303aab0c","name":"Tiziano Foiera","image":{"@type":"ImageObject","inLanguage":"de-CH","@id":"https:\/\/www.rahnbodmer.ch\/notablog\/#\/schema\/person\/image\/","url":"https:\/\/www.rahnbodmer.ch\/notablog\/wp-content\/uploads\/2024\/07\/blog_tiziano-foiera-150x150.jpg","contentUrl":"https:\/\/www.rahnbodmer.ch\/notablog\/wp-content\/uploads\/2024\/07\/blog_tiziano-foiera-150x150.jpg","caption":"Tiziano Foiera"},"url":"https:\/\/www.rahnbodmer.ch\/notablog\/author\/tiziano-foeira\/"}]}},"_links":{"self":[{"href":"https:\/\/www.rahnbodmer.ch\/notablog\/wp-json\/wp\/v2\/posts\/2397","targetHints":{"allow":["GET"]}}],"collection":[{"href":"https:\/\/www.rahnbodmer.ch\/notablog\/wp-json\/wp\/v2\/posts"}],"about":[{"href":"https:\/\/www.rahnbodmer.ch\/notablog\/wp-json\/wp\/v2\/types\/post"}],"author":[{"embeddable":true,"href":"https:\/\/www.rahnbodmer.ch\/notablog\/wp-json\/wp\/v2\/users\/33"}],"replies":[{"embeddable":true,"href":"https:\/\/www.rahnbodmer.ch\/notablog\/wp-json\/wp\/v2\/comments?post=2397"}],"version-history":[{"count":0,"href":"https:\/\/www.rahnbodmer.ch\/notablog\/wp-json\/wp\/v2\/posts\/2397\/revisions"}],"wp:attachment":[{"href":"https:\/\/www.rahnbodmer.ch\/notablog\/wp-json\/wp\/v2\/media?parent=2397"}],"wp:term":[{"taxonomy":"category","embeddable":true,"href":"https:\/\/www.rahnbodmer.ch\/notablog\/wp-json\/wp\/v2\/categories?post=2397"},{"taxonomy":"post_tag","embeddable":true,"href":"https:\/\/www.rahnbodmer.ch\/notablog\/wp-json\/wp\/v2\/tags?post=2397"}],"curies":[{"name":"wp","href":"https:\/\/api.w.org\/{rel}","templated":true}]}}