{"id":2009,"date":"2019-01-16T07:02:56","date_gmt":"2019-01-16T06:02:56","guid":{"rendered":"https:\/\/www.rahnbodmer.ch\/notablog\/?p=2009"},"modified":"2019-01-14T11:58:37","modified_gmt":"2019-01-14T10:58:37","slug":"was-haben-hauseigentuemer-bei-einer-abschaffung-des-eigenmietwerts-zu-beachten","status":"publish","type":"post","link":"https:\/\/www.rahnbodmer.ch\/notablog\/2019\/01\/was-haben-hauseigentuemer-bei-einer-abschaffung-des-eigenmietwerts-zu-beachten\/","title":{"rendered":"Was haben Hausei\u00adgen\u00adt\u00fcmer bei einer Abschaffung des Eigen\u00admiet\u00adwerts zu beachten?"},"content":{"rendered":"<p>Die Besteuerung des Eigen\u00admiet\u00adwerts st\u00f6sst in der Bev\u00f6l\u00adkerung seit jeher auf breite Kritik. Die Tatsache, dass f\u00fcr Wohnei\u00adgentum ein fiktiver Mietzins versteuert werden muss, ist f\u00fcr viele unverst\u00e4ndlich.<\/p>\n<h3>Abschaffung bis Ende 2021 m\u00f6glich<\/h3>\n<p>Nun stehen die Chancen gut, dass der Eigen\u00admietwert bereits ab dem Jahr 2021 der Vergan\u00adgenheit angeh\u00f6ren wird. Nachdem sowohl die st\u00e4nde- als auch natio\u00adnal\u00adr\u00e4t\u00adliche Kommission die Abschaffung des Eigen\u00admiet\u00adwerts gutge\u00adheissen haben, d\u00fcrfte das Vernehm\u00adlas\u00adsungs\u00adver\u00adfahren bereits in den n\u00e4chsten Monaten beginnen. Der weitere parla\u00admen\u00adta\u00adrische Prozess wird die formu\u00adlierten Eckwerte konkre\u00adti\u00adsieren und es wird mit Sicherheit inhalt\u00adliche \u00c4nderungen geben. Aller\u00addings soll der Eigen\u00admietwert nur f\u00fcr den Haupt\u00adwohnsitz abgeschafft werden, nicht aber f\u00fcr Zweitwohnungen.<\/p>\n<h3>K\u00f6nnen Unter\u00adhalts\u00adkosten weiterhin abgezogen werden?<\/h3>\n<p>Zeitgleich mit der Aufhebung des Eigen\u00admiet\u00adwerts w\u00e4ren werterhal\u00adtende Unter\u00adhalts\u00adkosten nicht mehr abzugs\u00adf\u00e4hig. Es macht deshalb Sinn, sich bereits abzeich\u00adnender Renova\u00adti\u00adons\u00adbedarf am Haupt\u00adwohnsitz noch in den n\u00e4chsten zwei Jahren ausf\u00fchren zu lassen.<\/p>\n<h3>Was passiert mit den Schuldzinsen?<\/h3>\n<p>Derzeit stehen die beiden Varianten im Raum, den Schuld\u00adzin\u00adsen\u00adabzug auf 80% oder 100% der Verm\u00f6\u00adgens\u00ader\u00adtr\u00e4ge zu begrenzen. Steuer\u00adpflichtige, die beispiels\u00adweise Wertpa\u00adpiere halten und daraus Verm\u00f6\u00adgens\u00ader\u00adtr\u00e4ge erzielen, k\u00f6nnten Schuld\u00adzinsen in der H\u00f6he ihrer Verm\u00f6\u00adgens\u00ader\u00adtr\u00e4ge demnach weiterhin in Abzug bringen. Mit Abschaffung des Eigen\u00admiet\u00adwerts z\u00e4hlt dieser jedoch zuk\u00fcnftig nicht mehr zu den Verm\u00f6\u00adgens\u00ader\u00adtr\u00e4gen, wodurch das Risiko besteht, dass die tats\u00e4chlich anfal\u00adlenden Schuld\u00adzinsen den zul\u00e4s\u00adsigen Schuld\u00adzin\u00adsen\u00adabzug \u00fcbersteigen und damit steuerlich nicht mehr ber\u00fcck\u00adsichtigt werden.<br>\nEine Ausnahme beim Schuld\u00adzin\u00adsen\u00adabzug ist f\u00fcr Ersterwerber eines Eigen\u00adheims vorge\u00adsehen. Diese sollen w\u00e4hrend f\u00fcnf bis zehn Jahren nach Kauf weiterhin einen h\u00f6heren Schuld\u00adzin\u00adsen\u00adabzug in Abzug bringen d\u00fcrfen.<\/p>\n<h3>Welche Massnahmen sind f\u00fcr Hausei\u00adgen\u00adt\u00fcmer sinnvoll?<\/h3>\n<p>Der aktuelle Stand des parla\u00admen\u00adta\u00adri\u00adschen Prozesses f\u00fchrt zu keinem unmit\u00adtel\u00adbaren Handlungs\u00adbedarf f\u00fcr Hausei\u00adgen\u00adt\u00fcmer. Wer einen hohen Verschul\u00addungsgrad bei seinem Eigenheim hat, k\u00f6nnte auf Grund der kommenden Abschaffung des Schuld\u00adzin\u00adsen\u00adabzugs, eine Amorti\u00adsation der Hypotheken in Betracht ziehen. Oder bei der Erneuerung der Hypothek eine flexible Variante pr\u00fcfen, um zu gegebenem Zeitpunkt auf die neue Gesetz\u00adgebung reagieren zu k\u00f6nnen. Es lohnt sich also sicher, das bevor\u00adste\u00adhende Vernehm\u00adlas\u00adsungs\u00adver\u00adfahren aufmerksam zu verfolgen.<\/p>\n","protected":false},"excerpt":{"rendered":"<p>Der Eigen\u00admietwert d\u00fcrfte bald der Vergan\u00adgenheit angeh\u00f6ren.&nbsp;<\/p>\n","protected":false},"author":33,"featured_media":0,"comment_status":"closed","ping_status":"closed","sticky":false,"template":"","format":"standard","meta":{"wp_typography_post_enhancements_disabled":false,"_ef_editorial_meta_date_first-draft-date":"","_ef_editorial_meta_paragraph_assignment":"","_ef_editorial_meta_checkbox_needs-photo":"","_ef_editorial_meta_number_word-count":"","footnotes":""},"categories":[34],"tags":[],"class_list":["post-2009","post","type-post","status-publish","format-standard","hentry","category-finanzplanung","clearfix"],"yoast_head":"<!-- This site is optimized with the Yoast SEO plugin v27.1.1 - https:\/\/yoast.com\/product\/yoast-seo-wordpress\/ -->\n<title>Was haben Hauseigent\u00fcmer bei einer Abschaffung des Eigenmietwerts zu beachten? - Nota Blog<\/title>\n<meta name=\"robots\" content=\"index, follow, max-snippet:-1, max-image-preview:large, max-video-preview:-1\" \/>\n<link rel=\"canonical\" href=\"https:\/\/www.rahnbodmer.ch\/notablog\/2019\/01\/was-haben-hauseigentuemer-bei-einer-abschaffung-des-eigenmietwerts-zu-beachten\/\" \/>\n<meta property=\"og:locale\" content=\"de_DE\" \/>\n<meta property=\"og:type\" content=\"article\" \/>\n<meta property=\"og:title\" content=\"Was haben Hauseigent\u00fcmer bei einer Abschaffung des Eigenmietwerts zu beachten? - Nota Blog\" \/>\n<meta property=\"og:description\" content=\"Der Eigenmietwert d\u00fcrfte bald der Vergangenheit angeh\u00f6ren.\" \/>\n<meta property=\"og:url\" content=\"https:\/\/www.rahnbodmer.ch\/notablog\/2019\/01\/was-haben-hauseigentuemer-bei-einer-abschaffung-des-eigenmietwerts-zu-beachten\/\" \/>\n<meta property=\"og:site_name\" content=\"Nota Blog\" \/>\n<meta property=\"article:published_time\" content=\"2019-01-16T06:02:56+00:00\" \/>\n<meta name=\"author\" content=\"Tiziano Foiera\" \/>\n<meta name=\"twitter:card\" content=\"summary_large_image\" \/>\n<meta name=\"twitter:label1\" content=\"Geschrieben von\" \/>\n\t<meta name=\"twitter:data1\" content=\"Tiziano Foiera\" \/>\n\t<meta name=\"twitter:label2\" content=\"Gesch\u00e4tzte Lesezeit\" \/>\n\t<meta name=\"twitter:data2\" content=\"2\u00a0Minuten\" \/>\n<script type=\"application\/ld+json\" class=\"yoast-schema-graph\">{\"@context\":\"https:\/\/schema.org\",\"@graph\":[{\"@type\":\"Article\",\"@id\":\"https:\/\/www.rahnbodmer.ch\/notablog\/2019\/01\/was-haben-hauseigentuemer-bei-einer-abschaffung-des-eigenmietwerts-zu-beachten\/#article\",\"isPartOf\":{\"@id\":\"https:\/\/www.rahnbodmer.ch\/notablog\/2019\/01\/was-haben-hauseigentuemer-bei-einer-abschaffung-des-eigenmietwerts-zu-beachten\/\"},\"author\":{\"name\":\"Tiziano Foiera\",\"@id\":\"https:\/\/www.rahnbodmer.ch\/notablog\/#\/schema\/person\/b5645185a338374df13073ee303aab0c\"},\"headline\":\"Was haben Hausei\u00adgen\u00adt\u00fcmer bei einer Abschaffung des Eigen\u00admiet\u00adwerts zu beachten?\",\"datePublished\":\"2019-01-16T06:02:56+00:00\",\"mainEntityOfPage\":{\"@id\":\"https:\/\/www.rahnbodmer.ch\/notablog\/2019\/01\/was-haben-hauseigentuemer-bei-einer-abschaffung-des-eigenmietwerts-zu-beachten\/\"},\"wordCount\":370,\"articleSection\":[\"Finanzplanung\"],\"inLanguage\":\"de-CH\"},{\"@type\":\"WebPage\",\"@id\":\"https:\/\/www.rahnbodmer.ch\/notablog\/2019\/01\/was-haben-hauseigentuemer-bei-einer-abschaffung-des-eigenmietwerts-zu-beachten\/\",\"url\":\"https:\/\/www.rahnbodmer.ch\/notablog\/2019\/01\/was-haben-hauseigentuemer-bei-einer-abschaffung-des-eigenmietwerts-zu-beachten\/\",\"name\":\"Was haben Hauseigent\u00fcmer bei einer Abschaffung des Eigenmietwerts zu beachten? - Nota Blog\",\"isPartOf\":{\"@id\":\"https:\/\/www.rahnbodmer.ch\/notablog\/#website\"},\"datePublished\":\"2019-01-16T06:02:56+00:00\",\"author\":{\"@id\":\"https:\/\/www.rahnbodmer.ch\/notablog\/#\/schema\/person\/b5645185a338374df13073ee303aab0c\"},\"breadcrumb\":{\"@id\":\"https:\/\/www.rahnbodmer.ch\/notablog\/2019\/01\/was-haben-hauseigentuemer-bei-einer-abschaffung-des-eigenmietwerts-zu-beachten\/#breadcrumb\"},\"inLanguage\":\"de-CH\",\"potentialAction\":[{\"@type\":\"ReadAction\",\"target\":[\"https:\/\/www.rahnbodmer.ch\/notablog\/2019\/01\/was-haben-hauseigentuemer-bei-einer-abschaffung-des-eigenmietwerts-zu-beachten\/\"]}]},{\"@type\":\"BreadcrumbList\",\"@id\":\"https:\/\/www.rahnbodmer.ch\/notablog\/2019\/01\/was-haben-hauseigentuemer-bei-einer-abschaffung-des-eigenmietwerts-zu-beachten\/#breadcrumb\",\"itemListElement\":[{\"@type\":\"ListItem\",\"position\":1,\"name\":\"Home\",\"item\":\"https:\/\/www.rahnbodmer.ch\/notablog\/\"},{\"@type\":\"ListItem\",\"position\":2,\"name\":\"Was haben Hausei\u00adgen\u00adt\u00fcmer bei einer Abschaffung des Eigen\u00admiet\u00adwerts zu beachten?\"}]},{\"@type\":\"WebSite\",\"@id\":\"https:\/\/www.rahnbodmer.ch\/notablog\/#website\",\"url\":\"https:\/\/www.rahnbodmer.ch\/notablog\/\",\"name\":\"Nota Blog\",\"description\":\"Das Web-Magazin von Rahn+Bodmer Co.\",\"potentialAction\":[{\"@type\":\"SearchAction\",\"target\":{\"@type\":\"EntryPoint\",\"urlTemplate\":\"https:\/\/www.rahnbodmer.ch\/notablog\/?s={search_term_string}\"},\"query-input\":{\"@type\":\"PropertyValueSpecification\",\"valueRequired\":true,\"valueName\":\"search_term_string\"}}],\"inLanguage\":\"de-CH\"},{\"@type\":\"Person\",\"@id\":\"https:\/\/www.rahnbodmer.ch\/notablog\/#\/schema\/person\/b5645185a338374df13073ee303aab0c\",\"name\":\"Tiziano Foiera\",\"image\":{\"@type\":\"ImageObject\",\"inLanguage\":\"de-CH\",\"@id\":\"https:\/\/www.rahnbodmer.ch\/notablog\/#\/schema\/person\/image\/\",\"url\":\"https:\/\/www.rahnbodmer.ch\/notablog\/wp-content\/uploads\/2024\/07\/blog_tiziano-foiera-150x150.jpg\",\"contentUrl\":\"https:\/\/www.rahnbodmer.ch\/notablog\/wp-content\/uploads\/2024\/07\/blog_tiziano-foiera-150x150.jpg\",\"caption\":\"Tiziano Foiera\"},\"url\":\"https:\/\/www.rahnbodmer.ch\/notablog\/author\/tiziano-foeira\/\"}]}<\/script>\n<!-- \/ Yoast SEO plugin. -->","yoast_head_json":{"title":"Was haben Hauseigent\u00fcmer bei einer Abschaffung des Eigenmietwerts zu beachten? - Nota Blog","robots":{"index":"index","follow":"follow","max-snippet":"max-snippet:-1","max-image-preview":"max-image-preview:large","max-video-preview":"max-video-preview:-1"},"canonical":"https:\/\/www.rahnbodmer.ch\/notablog\/2019\/01\/was-haben-hauseigentuemer-bei-einer-abschaffung-des-eigenmietwerts-zu-beachten\/","og_locale":"de_DE","og_type":"article","og_title":"Was haben Hauseigent\u00fcmer bei einer Abschaffung des Eigenmietwerts zu beachten? - Nota Blog","og_description":"Der Eigenmietwert d\u00fcrfte bald der Vergangenheit angeh\u00f6ren.","og_url":"https:\/\/www.rahnbodmer.ch\/notablog\/2019\/01\/was-haben-hauseigentuemer-bei-einer-abschaffung-des-eigenmietwerts-zu-beachten\/","og_site_name":"Nota Blog","article_published_time":"2019-01-16T06:02:56+00:00","author":"Tiziano Foiera","twitter_card":"summary_large_image","twitter_misc":{"Geschrieben von":"Tiziano Foiera","Gesch\u00e4tzte Lesezeit":"2\u00a0Minuten"},"schema":{"@context":"https:\/\/schema.org","@graph":[{"@type":"Article","@id":"https:\/\/www.rahnbodmer.ch\/notablog\/2019\/01\/was-haben-hauseigentuemer-bei-einer-abschaffung-des-eigenmietwerts-zu-beachten\/#article","isPartOf":{"@id":"https:\/\/www.rahnbodmer.ch\/notablog\/2019\/01\/was-haben-hauseigentuemer-bei-einer-abschaffung-des-eigenmietwerts-zu-beachten\/"},"author":{"name":"Tiziano Foiera","@id":"https:\/\/www.rahnbodmer.ch\/notablog\/#\/schema\/person\/b5645185a338374df13073ee303aab0c"},"headline":"Was haben Hausei\u00adgen\u00adt\u00fcmer bei einer Abschaffung des Eigen\u00admiet\u00adwerts zu beachten?","datePublished":"2019-01-16T06:02:56+00:00","mainEntityOfPage":{"@id":"https:\/\/www.rahnbodmer.ch\/notablog\/2019\/01\/was-haben-hauseigentuemer-bei-einer-abschaffung-des-eigenmietwerts-zu-beachten\/"},"wordCount":370,"articleSection":["Finanzplanung"],"inLanguage":"de-CH"},{"@type":"WebPage","@id":"https:\/\/www.rahnbodmer.ch\/notablog\/2019\/01\/was-haben-hauseigentuemer-bei-einer-abschaffung-des-eigenmietwerts-zu-beachten\/","url":"https:\/\/www.rahnbodmer.ch\/notablog\/2019\/01\/was-haben-hauseigentuemer-bei-einer-abschaffung-des-eigenmietwerts-zu-beachten\/","name":"Was haben Hauseigent\u00fcmer bei einer Abschaffung des Eigenmietwerts zu beachten? - Nota Blog","isPartOf":{"@id":"https:\/\/www.rahnbodmer.ch\/notablog\/#website"},"datePublished":"2019-01-16T06:02:56+00:00","author":{"@id":"https:\/\/www.rahnbodmer.ch\/notablog\/#\/schema\/person\/b5645185a338374df13073ee303aab0c"},"breadcrumb":{"@id":"https:\/\/www.rahnbodmer.ch\/notablog\/2019\/01\/was-haben-hauseigentuemer-bei-einer-abschaffung-des-eigenmietwerts-zu-beachten\/#breadcrumb"},"inLanguage":"de-CH","potentialAction":[{"@type":"ReadAction","target":["https:\/\/www.rahnbodmer.ch\/notablog\/2019\/01\/was-haben-hauseigentuemer-bei-einer-abschaffung-des-eigenmietwerts-zu-beachten\/"]}]},{"@type":"BreadcrumbList","@id":"https:\/\/www.rahnbodmer.ch\/notablog\/2019\/01\/was-haben-hauseigentuemer-bei-einer-abschaffung-des-eigenmietwerts-zu-beachten\/#breadcrumb","itemListElement":[{"@type":"ListItem","position":1,"name":"Home","item":"https:\/\/www.rahnbodmer.ch\/notablog\/"},{"@type":"ListItem","position":2,"name":"Was haben Hausei\u00adgen\u00adt\u00fcmer bei einer Abschaffung des Eigen\u00admiet\u00adwerts zu beachten?"}]},{"@type":"WebSite","@id":"https:\/\/www.rahnbodmer.ch\/notablog\/#website","url":"https:\/\/www.rahnbodmer.ch\/notablog\/","name":"Nota Blog","description":"Das Web-Magazin von Rahn+Bodmer Co.","potentialAction":[{"@type":"SearchAction","target":{"@type":"EntryPoint","urlTemplate":"https:\/\/www.rahnbodmer.ch\/notablog\/?s={search_term_string}"},"query-input":{"@type":"PropertyValueSpecification","valueRequired":true,"valueName":"search_term_string"}}],"inLanguage":"de-CH"},{"@type":"Person","@id":"https:\/\/www.rahnbodmer.ch\/notablog\/#\/schema\/person\/b5645185a338374df13073ee303aab0c","name":"Tiziano Foiera","image":{"@type":"ImageObject","inLanguage":"de-CH","@id":"https:\/\/www.rahnbodmer.ch\/notablog\/#\/schema\/person\/image\/","url":"https:\/\/www.rahnbodmer.ch\/notablog\/wp-content\/uploads\/2024\/07\/blog_tiziano-foiera-150x150.jpg","contentUrl":"https:\/\/www.rahnbodmer.ch\/notablog\/wp-content\/uploads\/2024\/07\/blog_tiziano-foiera-150x150.jpg","caption":"Tiziano Foiera"},"url":"https:\/\/www.rahnbodmer.ch\/notablog\/author\/tiziano-foeira\/"}]}},"_links":{"self":[{"href":"https:\/\/www.rahnbodmer.ch\/notablog\/wp-json\/wp\/v2\/posts\/2009","targetHints":{"allow":["GET"]}}],"collection":[{"href":"https:\/\/www.rahnbodmer.ch\/notablog\/wp-json\/wp\/v2\/posts"}],"about":[{"href":"https:\/\/www.rahnbodmer.ch\/notablog\/wp-json\/wp\/v2\/types\/post"}],"author":[{"embeddable":true,"href":"https:\/\/www.rahnbodmer.ch\/notablog\/wp-json\/wp\/v2\/users\/33"}],"replies":[{"embeddable":true,"href":"https:\/\/www.rahnbodmer.ch\/notablog\/wp-json\/wp\/v2\/comments?post=2009"}],"version-history":[{"count":0,"href":"https:\/\/www.rahnbodmer.ch\/notablog\/wp-json\/wp\/v2\/posts\/2009\/revisions"}],"wp:attachment":[{"href":"https:\/\/www.rahnbodmer.ch\/notablog\/wp-json\/wp\/v2\/media?parent=2009"}],"wp:term":[{"taxonomy":"category","embeddable":true,"href":"https:\/\/www.rahnbodmer.ch\/notablog\/wp-json\/wp\/v2\/categories?post=2009"},{"taxonomy":"post_tag","embeddable":true,"href":"https:\/\/www.rahnbodmer.ch\/notablog\/wp-json\/wp\/v2\/tags?post=2009"}],"curies":[{"name":"wp","href":"https:\/\/api.w.org\/{rel}","templated":true}]}}