{"id":1714,"date":"2018-11-14T07:00:42","date_gmt":"2018-11-14T06:00:42","guid":{"rendered":"https:\/\/www.rahnbodmer.ch\/notablog\/?p=1714"},"modified":"2018-11-13T09:40:09","modified_gmt":"2018-11-13T08:40:09","slug":"gold-und-silber","status":"publish","type":"post","link":"https:\/\/www.rahnbodmer.ch\/notablog\/2018\/11\/gold-und-silber\/","title":{"rendered":"Gold und Silber hab ich&nbsp;gern&nbsp;\u2026"},"content":{"rendered":"<h3>Nein, hier geht es nicht um Anlagen in Gold oder Silber. Es geht um die silber\u00adhaa\u00adrigen Baby Boomer, die ins goldene Pensi\u00adons\u00adalter kommen. Die Frage lautet: K\u00f6nnten wir auf Gold stossen, wenn wir in den demogra\u00adphi\u00adschen Trend der silver economy inves\u00adtieren? Immerhin wird sich bis 2050 die Anzahl der \u00fcber 65-J\u00e4hrigen fast verdoppeln und deren Kaufkraft sollte nicht unter\u00adsch\u00e4tzt werden.<\/h3>\n<p>Der erste Gedanke, den die meisten bez\u00fcglich Invest\u00adments mit demogra\u00adphi\u00adschem Hinter\u00adgrund haben, sind Alters- und Pflege\u00adheime. Es gibt kotierte Anbieter wie z.B.<a href=\"https:\/\/www.brookdale.com\/en.html\"> Brookdale Senior Living<\/a> in den <span class=\"caps\">USA<\/span> oder die franz\u00f6\u00adsi\u00adschen Gesell\u00adschaften <a href=\"https:\/\/www.korian.com\">Korian<\/a> und <a href=\"https:\/\/www.orpea.com\/\">Orpea<\/a> oder die schwe\u00addische <a href=\"https:\/\/www.attendo.com\/\">Attendo<\/a>, die jedoch alle stark von der Entwicklung des Immobi\u00adli\u00aden\u00adsektors abh\u00e4ngig sind. Und zu Pflege\u00adf\u00e4llen werden die Neu-Rentner erst in ca. 20\u201330 Jahren. Jetzt sind die Baby Boomer noch im besten Alter: unter\u00adneh\u00admens\u00adlustig, konsum\u00adfreudig und noch ziemlich agil.<\/p>\n<h3>Sport\u00adin\u00addustrie hat Potenzial<\/h3>\n<p>Aller\u00addings steht die Freizeit\u00adin\u00addustrie in Europa mit der Anpassung ihrer Angebote an die Silber-Kunden noch ganz am Anfang. Japan ist da schon viel weiter, da dort schon l\u00e4nger ein sehr hoher Anteil an \u00fcber 60-J\u00e4hrigen lebt. Wie kann z.B. ein Fitness\u00adzentrum von diesem demogra\u00adfi\u00adschen Trend profi\u00adtieren? Japanische Erfah\u00adrungen zeigen, dass der gesellige Teil nach dem Sport genauso wichtig ist: Fitness\u00adzentren mit einer Cafeteria haben in Japan sehr viel mehr neue Mitglieder anwerben k\u00f6nnen, die ausserhalb der Spitzen\u00adzeiten die Zentren f\u00fcllen und zudem noch extra konsu\u00admieren. In Europa ist dieser Trend noch gar nicht angekommen. Bislang hat nur eine Nische der Sport\u00adin\u00addustrie das Potenzial erkannt: Auf Fahrr\u00e4dern oder E\u2011Bikes herum\u00adflit\u00adzende \u00e4ltere Sport\u00adle\u00adrinnen und Sportler sind mittler\u00adweile \u00fcberall zu sehen. Leider sind die Fahrrad\u00adher\u00adsteller nicht an der B\u00f6rse kotiert.<\/p>\n<h3>H\u00f6rger\u00e4te als Fitness-Tracker<\/h3>\n<p>Vielleicht springen aber die H\u00f6rge\u00adr\u00e4\u00adte\u00adher\u00adsteller jetzt auf den Baby Boomer-Trend auf: Gerade ist eine neue H\u00f6rge\u00adr\u00e4\u00adte\u00adge\u00adne\u00adration vorge\u00adstellt worden mit integriertem Fitness-Tracker und einer M\u00f6glichkeit, sich \u00fcber eine App andere Sprachen direkt ins H\u00f6rger\u00e4t \u00fcbersetzen zu lassen. F\u00fcr die Vorbe\u00adreitung aufs Velorennen im n\u00e4chsten Fr\u00fchjahr muss die aktive \u00e4ltere Generation im Winter nicht mehr nach (Deutsch-) Mallorca reisen, sondern sie k\u00f6nnte jetzt ohne Dolmet\u00adscher ein H\u00f6hen\u00adtraining in \u00c4thiopien absol\u00advieren. Der Anbieter Starkey Hearing ist leider in privaten H\u00e4nden. Wenn aber andere auf den Zug aufspringen (z.B. <a href=\"https:\/\/www.sonova.com\">Sonova<\/a>, <a href=\"https:\/\/www.demant.com\/\">William Demant<\/a> oder <a href=\"https:\/\/www.gn.com\/\"><span class=\"caps\">GN<\/span> Store Nord<\/a>), k\u00f6nnte das eine sehr inter\u00ades\u00adsante Anlage\u00adm\u00f6g\u00adlichkeit werden.<\/p>\n<h3>Kreuz\u00adfahrten sind eine Wachstumsstory<\/h3>\n<p>Bei den Ferien\u00adan\u00adge\u00adboten gibt es auch noch viel Entwick\u00adlungs\u00adpo\u00adtenzial: Bis 2020 werden 29 % aller in der <span class=\"caps\">EU<\/span> lebenden Touristen \u00fcber 60 sein und dieses Segment ist kapital\u00adkr\u00e4ftig. Einzig die Kreuz\u00adfahrt\u00adin\u00addustrie hat den Trend erkannt. Denn: \u00abEine Kreuz\u00adfahrt, die ist lustig, eine Kreuz\u00adfahrt ist bequem \u2026\u00bb Und als \u00abbest ager\u00bb bekommen Sie schon ab 55 eine Preis\u00ader\u00adm\u00e4s\u00adsigung. Auch wenn Sie noch nicht im \u00abbesten Alter\u00bb sind, k\u00f6nnen Sie von diesem Trend profi\u00adtieren. Dazu gibt drei Anlage\u00adm\u00f6g\u00adlich\u00adkeiten unter den Kreuz\u00adfahrt-Anbietern: <a href=\"https:\/\/www.carnival.com\/\">Carnival<\/a> ist der gr\u00f6sste Operator, <a href=\"https:\/\/www.royalcaribbean.com\/\">Royal Carribean<\/a>, und <a href=\"https:\/\/www.ncl.com\/ch\/de\/\">Norwegian Cruise Line<\/a> sind die anderen grossen, kotierten Player. Momentan leiden alle drei unter den erh\u00f6hten Treib\u00adstoff\u00adkosten und den Nachwir\u00adkungen der letzten Hurricane-Saison. Kreuz\u00adfahrten bleiben aber mittel\u00adfristig eine Wachstumsstory.<\/p>\n<h3>Kosme\u00adtik\u00adun\u00adter\u00adnehmen haben die Zeichen der Zeit erkannt<\/h3>\n<p>Wesentlich klarer ausge\u00adrichtet auf die konsum\u00adkr\u00e4ftige Silber-Generation, die nat\u00fcrlich gut und jung aussehen m\u00f6chte, sind die Angebote der Kosmetik (auch wenn wir in diesem Zusam\u00admenhang feststellen m\u00f6chten, dass viele Frauen \u00fcber 50 kein einziges silbriges Haar haben und auch nie haben werden). In der <span class=\"caps\">EU<\/span> geben Frauen \u00fcber 60 doppelt so viel aus f\u00fcr Kosmetik wie Frauen unter 25. Alle Kosme\u00adtik\u00adfirmen haben daher Anti-Aging-Behand\u00adlungen im Programm, angefangen von Schweizer Herstellern wie <a href=\"https:\/\/www.weleda.com\">Weleda<\/a> bis zu grossen Firmen wie <a href=\"https:\/\/www.loreal.com\/\">L\u2019Oreal<\/a> oder <a href=\"https:\/\/www.beiersdorf.com\/\">Beiersdorf<\/a>. Selbst wenn der Erfolg nicht wirklich messbar ist, verkaufen lassen sich die Cremes und Lotionen gross\u00adartig \u2013 ebenso wie Botox-Behand\u00adlungen von <a href=\"https:\/\/www.allergan.com\/home\">Allergan<\/a>. Und kosme\u00adtisch sch\u00f6n ausse\u00adhende Dental\u00adim\u00adplantate (z.B. von <a href=\"https:\/\/www.straumann.com\/\">Straumann<\/a>) sollten ebenfalls von den Baby Boomern profitieren.<\/p>\n<p>Es ist nicht alles Gold, was silbern gl\u00e4nzt. Aber es gl\u00e4nzt auch nicht alles, was Silber ist (frei nach Hebbel). Doch eins ist sicher: Wir stehen erst am Anfang der Baby Boomer-Konsumwelle.<\/p>\n<p>Bei Fragen zu diesem Thema stehen <a href=\"https:\/\/www.rahnbodmer.ch\/de\/privatkunden.php?tab=0&amp;top=tabKundenberater\">wir<\/a> Ihnen gerne zur Verf\u00fcgung.<\/p>\n<p>notablog@rahnbodmer.ch<\/p>\n<h6>Disclaimer:<\/h6>\n<p class=\"disclaimer\">Die Infor\u00adma\u00adtionen und Ansichten in diesem Blog dienen ausschliesslich Infor\u00adma\u00adti\u00adons\u00adzwecken und stellen insbe\u00adsondere keine Werbung, Empfehlung, Finanz\u00adanalyse oder sonstige Beratung dar. Namentlich ist dieser weder dazu bestimmt, dem Leser eine Anlage\u00adbe\u00adratung zukommen zu lassen, noch ihn bei allf\u00e4l\u00adligen Inves\u00adti\u00adtionen oder sonstigen Trans\u00adak\u00adtionen zu unter\u00adst\u00fctzen. Entscheide, welche aufgrund der vorlie\u00adgenden Publi\u00adkation getroffen werden, erfolgen im allei\u00adnigen Risiko des Anlegers.<\/p>\n<p>&nbsp;<\/p>\n","protected":false},"excerpt":{"rendered":"<p>Wir stehen erst am Anfang der Baby Boomer-Konsumwelle.&nbsp;<\/p>\n","protected":false},"author":87,"featured_media":0,"comment_status":"closed","ping_status":"closed","sticky":false,"template":"","format":"standard","meta":{"wp_typography_post_enhancements_disabled":false,"_ef_editorial_meta_date_first-draft-date":"","_ef_editorial_meta_paragraph_assignment":"","_ef_editorial_meta_checkbox_needs-photo":"","_ef_editorial_meta_number_word-count":"","footnotes":""},"categories":[28],"tags":[],"class_list":["post-1714","post","type-post","status-publish","format-standard","hentry","category-anlegen","clearfix"],"yoast_head":"<!-- This site is optimized with the Yoast SEO plugin v27.1.1 - https:\/\/yoast.com\/product\/yoast-seo-wordpress\/ -->\n<title>Gold und Silber hab ich gern ... - Nota Blog<\/title>\n<meta name=\"robots\" content=\"index, follow, max-snippet:-1, max-image-preview:large, max-video-preview:-1\" \/>\n<link rel=\"canonical\" href=\"https:\/\/www.rahnbodmer.ch\/notablog\/2018\/11\/gold-und-silber\/\" \/>\n<meta property=\"og:locale\" content=\"de_DE\" \/>\n<meta property=\"og:type\" content=\"article\" \/>\n<meta property=\"og:title\" content=\"Gold und Silber hab ich gern ... - Nota Blog\" \/>\n<meta property=\"og:description\" content=\"Wir stehen erst am Anfang der Baby Boomer-Konsumwelle.\" \/>\n<meta property=\"og:url\" content=\"https:\/\/www.rahnbodmer.ch\/notablog\/2018\/11\/gold-und-silber\/\" \/>\n<meta property=\"og:site_name\" content=\"Nota Blog\" \/>\n<meta property=\"article:published_time\" content=\"2018-11-14T06:00:42+00:00\" \/>\n<meta property=\"og:image\" content=\"https:\/\/www.rahnbodmer.ch\/notablog\/wp-content\/uploads\/2018\/11\/pexels-photo-1048043.jpeg\" \/>\n\t<meta property=\"og:image:width\" content=\"1280\" \/>\n\t<meta property=\"og:image:height\" content=\"853\" \/>\n\t<meta property=\"og:image:type\" content=\"image\/jpeg\" \/>\n<meta name=\"author\" content=\"Rahn+Bodmer Co.\" \/>\n<meta name=\"twitter:card\" content=\"summary_large_image\" \/>\n<meta name=\"twitter:label1\" content=\"Geschrieben von\" \/>\n\t<meta name=\"twitter:data1\" content=\"Rahn+Bodmer Co.\" \/>\n\t<meta name=\"twitter:label2\" content=\"Gesch\u00e4tzte Lesezeit\" \/>\n\t<meta name=\"twitter:data2\" content=\"4\u00a0Minuten\" \/>\n<script type=\"application\/ld+json\" class=\"yoast-schema-graph\">{\"@context\":\"https:\/\/schema.org\",\"@graph\":[{\"@type\":\"Article\",\"@id\":\"https:\/\/www.rahnbodmer.ch\/notablog\/2018\/11\/gold-und-silber\/#article\",\"isPartOf\":{\"@id\":\"https:\/\/www.rahnbodmer.ch\/notablog\/2018\/11\/gold-und-silber\/\"},\"author\":{\"name\":\"Rahn+Bodmer Co.\",\"@id\":\"https:\/\/www.rahnbodmer.ch\/notablog\/#\/schema\/person\/f03811d36cb77bcc46cc8c672d653e6b\"},\"headline\":\"Gold und Silber hab ich&nbsp;gern&nbsp;\u2026\",\"datePublished\":\"2018-11-14T06:00:42+00:00\",\"mainEntityOfPage\":{\"@id\":\"https:\/\/www.rahnbodmer.ch\/notablog\/2018\/11\/gold-und-silber\/\"},\"wordCount\":765,\"articleSection\":[\"Anlegen\"],\"inLanguage\":\"de-CH\"},{\"@type\":\"WebPage\",\"@id\":\"https:\/\/www.rahnbodmer.ch\/notablog\/2018\/11\/gold-und-silber\/\",\"url\":\"https:\/\/www.rahnbodmer.ch\/notablog\/2018\/11\/gold-und-silber\/\",\"name\":\"Gold und Silber hab ich gern ... - Nota Blog\",\"isPartOf\":{\"@id\":\"https:\/\/www.rahnbodmer.ch\/notablog\/#website\"},\"datePublished\":\"2018-11-14T06:00:42+00:00\",\"author\":{\"@id\":\"https:\/\/www.rahnbodmer.ch\/notablog\/#\/schema\/person\/f03811d36cb77bcc46cc8c672d653e6b\"},\"breadcrumb\":{\"@id\":\"https:\/\/www.rahnbodmer.ch\/notablog\/2018\/11\/gold-und-silber\/#breadcrumb\"},\"inLanguage\":\"de-CH\",\"potentialAction\":[{\"@type\":\"ReadAction\",\"target\":[\"https:\/\/www.rahnbodmer.ch\/notablog\/2018\/11\/gold-und-silber\/\"]}]},{\"@type\":\"BreadcrumbList\",\"@id\":\"https:\/\/www.rahnbodmer.ch\/notablog\/2018\/11\/gold-und-silber\/#breadcrumb\",\"itemListElement\":[{\"@type\":\"ListItem\",\"position\":1,\"name\":\"Home\",\"item\":\"https:\/\/www.rahnbodmer.ch\/notablog\/\"},{\"@type\":\"ListItem\",\"position\":2,\"name\":\"Gold und Silber hab ich&nbsp;gern&nbsp;\u2026\"}]},{\"@type\":\"WebSite\",\"@id\":\"https:\/\/www.rahnbodmer.ch\/notablog\/#website\",\"url\":\"https:\/\/www.rahnbodmer.ch\/notablog\/\",\"name\":\"Nota Blog\",\"description\":\"Das Web-Magazin von Rahn+Bodmer Co.\",\"potentialAction\":[{\"@type\":\"SearchAction\",\"target\":{\"@type\":\"EntryPoint\",\"urlTemplate\":\"https:\/\/www.rahnbodmer.ch\/notablog\/?s={search_term_string}\"},\"query-input\":{\"@type\":\"PropertyValueSpecification\",\"valueRequired\":true,\"valueName\":\"search_term_string\"}}],\"inLanguage\":\"de-CH\"},{\"@type\":\"Person\",\"@id\":\"https:\/\/www.rahnbodmer.ch\/notablog\/#\/schema\/person\/f03811d36cb77bcc46cc8c672d653e6b\",\"name\":\"Rahn+Bodmer Co.\",\"image\":{\"@type\":\"ImageObject\",\"inLanguage\":\"de-CH\",\"@id\":\"https:\/\/www.rahnbodmer.ch\/notablog\/#\/schema\/person\/image\/\",\"url\":\"https:\/\/www.rahnbodmer.ch\/notablog\/wp-content\/plugins\/wp-user-avatar\/deprecated\/wp-user-avatar\/images\/wpua-96x96.png\",\"contentUrl\":\"https:\/\/www.rahnbodmer.ch\/notablog\/wp-content\/plugins\/wp-user-avatar\/deprecated\/wp-user-avatar\/images\/wpua-96x96.png\",\"caption\":\"Rahn+Bodmer Co.\"},\"url\":\"https:\/\/www.rahnbodmer.ch\/notablog\/author\/rahnbodmer\/\"}]}<\/script>\n<!-- \/ Yoast SEO plugin. -->","yoast_head_json":{"title":"Gold und Silber hab ich gern ... - Nota Blog","robots":{"index":"index","follow":"follow","max-snippet":"max-snippet:-1","max-image-preview":"max-image-preview:large","max-video-preview":"max-video-preview:-1"},"canonical":"https:\/\/www.rahnbodmer.ch\/notablog\/2018\/11\/gold-und-silber\/","og_locale":"de_DE","og_type":"article","og_title":"Gold und Silber hab ich gern ... - Nota Blog","og_description":"Wir stehen erst am Anfang der Baby Boomer-Konsumwelle.","og_url":"https:\/\/www.rahnbodmer.ch\/notablog\/2018\/11\/gold-und-silber\/","og_site_name":"Nota Blog","article_published_time":"2018-11-14T06:00:42+00:00","og_image":[{"width":1280,"height":853,"url":"https:\/\/www.rahnbodmer.ch\/notablog\/wp-content\/uploads\/2018\/11\/pexels-photo-1048043.jpeg","type":"image\/jpeg"}],"author":"Rahn+Bodmer Co.","twitter_card":"summary_large_image","twitter_misc":{"Geschrieben von":"Rahn+Bodmer Co.","Gesch\u00e4tzte Lesezeit":"4\u00a0Minuten"},"schema":{"@context":"https:\/\/schema.org","@graph":[{"@type":"Article","@id":"https:\/\/www.rahnbodmer.ch\/notablog\/2018\/11\/gold-und-silber\/#article","isPartOf":{"@id":"https:\/\/www.rahnbodmer.ch\/notablog\/2018\/11\/gold-und-silber\/"},"author":{"name":"Rahn+Bodmer Co.","@id":"https:\/\/www.rahnbodmer.ch\/notablog\/#\/schema\/person\/f03811d36cb77bcc46cc8c672d653e6b"},"headline":"Gold und Silber hab ich&nbsp;gern&nbsp;\u2026","datePublished":"2018-11-14T06:00:42+00:00","mainEntityOfPage":{"@id":"https:\/\/www.rahnbodmer.ch\/notablog\/2018\/11\/gold-und-silber\/"},"wordCount":765,"articleSection":["Anlegen"],"inLanguage":"de-CH"},{"@type":"WebPage","@id":"https:\/\/www.rahnbodmer.ch\/notablog\/2018\/11\/gold-und-silber\/","url":"https:\/\/www.rahnbodmer.ch\/notablog\/2018\/11\/gold-und-silber\/","name":"Gold und Silber hab ich gern ... - Nota Blog","isPartOf":{"@id":"https:\/\/www.rahnbodmer.ch\/notablog\/#website"},"datePublished":"2018-11-14T06:00:42+00:00","author":{"@id":"https:\/\/www.rahnbodmer.ch\/notablog\/#\/schema\/person\/f03811d36cb77bcc46cc8c672d653e6b"},"breadcrumb":{"@id":"https:\/\/www.rahnbodmer.ch\/notablog\/2018\/11\/gold-und-silber\/#breadcrumb"},"inLanguage":"de-CH","potentialAction":[{"@type":"ReadAction","target":["https:\/\/www.rahnbodmer.ch\/notablog\/2018\/11\/gold-und-silber\/"]}]},{"@type":"BreadcrumbList","@id":"https:\/\/www.rahnbodmer.ch\/notablog\/2018\/11\/gold-und-silber\/#breadcrumb","itemListElement":[{"@type":"ListItem","position":1,"name":"Home","item":"https:\/\/www.rahnbodmer.ch\/notablog\/"},{"@type":"ListItem","position":2,"name":"Gold und Silber hab ich&nbsp;gern&nbsp;\u2026"}]},{"@type":"WebSite","@id":"https:\/\/www.rahnbodmer.ch\/notablog\/#website","url":"https:\/\/www.rahnbodmer.ch\/notablog\/","name":"Nota Blog","description":"Das Web-Magazin von Rahn+Bodmer Co.","potentialAction":[{"@type":"SearchAction","target":{"@type":"EntryPoint","urlTemplate":"https:\/\/www.rahnbodmer.ch\/notablog\/?s={search_term_string}"},"query-input":{"@type":"PropertyValueSpecification","valueRequired":true,"valueName":"search_term_string"}}],"inLanguage":"de-CH"},{"@type":"Person","@id":"https:\/\/www.rahnbodmer.ch\/notablog\/#\/schema\/person\/f03811d36cb77bcc46cc8c672d653e6b","name":"Rahn+Bodmer Co.","image":{"@type":"ImageObject","inLanguage":"de-CH","@id":"https:\/\/www.rahnbodmer.ch\/notablog\/#\/schema\/person\/image\/","url":"https:\/\/www.rahnbodmer.ch\/notablog\/wp-content\/plugins\/wp-user-avatar\/deprecated\/wp-user-avatar\/images\/wpua-96x96.png","contentUrl":"https:\/\/www.rahnbodmer.ch\/notablog\/wp-content\/plugins\/wp-user-avatar\/deprecated\/wp-user-avatar\/images\/wpua-96x96.png","caption":"Rahn+Bodmer Co."},"url":"https:\/\/www.rahnbodmer.ch\/notablog\/author\/rahnbodmer\/"}]}},"_links":{"self":[{"href":"https:\/\/www.rahnbodmer.ch\/notablog\/wp-json\/wp\/v2\/posts\/1714","targetHints":{"allow":["GET"]}}],"collection":[{"href":"https:\/\/www.rahnbodmer.ch\/notablog\/wp-json\/wp\/v2\/posts"}],"about":[{"href":"https:\/\/www.rahnbodmer.ch\/notablog\/wp-json\/wp\/v2\/types\/post"}],"author":[{"embeddable":true,"href":"https:\/\/www.rahnbodmer.ch\/notablog\/wp-json\/wp\/v2\/users\/87"}],"replies":[{"embeddable":true,"href":"https:\/\/www.rahnbodmer.ch\/notablog\/wp-json\/wp\/v2\/comments?post=1714"}],"version-history":[{"count":0,"href":"https:\/\/www.rahnbodmer.ch\/notablog\/wp-json\/wp\/v2\/posts\/1714\/revisions"}],"wp:attachment":[{"href":"https:\/\/www.rahnbodmer.ch\/notablog\/wp-json\/wp\/v2\/media?parent=1714"}],"wp:term":[{"taxonomy":"category","embeddable":true,"href":"https:\/\/www.rahnbodmer.ch\/notablog\/wp-json\/wp\/v2\/categories?post=1714"},{"taxonomy":"post_tag","embeddable":true,"href":"https:\/\/www.rahnbodmer.ch\/notablog\/wp-json\/wp\/v2\/tags?post=1714"}],"curies":[{"name":"wp","href":"https:\/\/api.w.org\/{rel}","templated":true}]}}